{"id":232280,"date":"2025-09-15T10:27:57","date_gmt":"2025-09-15T08:27:57","guid":{"rendered":"https:\/\/sds.mt\/?p=232280"},"modified":"2026-01-19T08:36:26","modified_gmt":"2026-01-19T07:36:26","slug":"wholesome-bqalbek-kollha","status":"publish","type":"post","link":"https:\/\/sds.mt\/mt\/wholesome-bqalbek-kollha\/","title":{"rendered":"Wholesome &#8211; B&#8217;Qalbek Kollha"},"content":{"rendered":"<style>.kt-tabs-id232280_d79471-7c > .kt-tabs-content-wrap > .wp-block-kadence-tab{border-top:1px solid #dee2e6;border-right:1px solid #dee2e6;border-bottom:1px solid #dee2e6;border-left:1px solid #dee2e6;border-top-left-radius:0px;border-top-right-radius:0px;border-bottom-right-radius:0px;border-bottom-left-radius:0px;padding-top:var(--global-kb-spacing-sm, 1.5rem);padding-right:var(--global-kb-spacing-sm, 1.5rem);padding-bottom:var(--global-kb-spacing-sm, 1.5rem);padding-left:var(--global-kb-spacing-sm, 1.5rem);}.wp-block-kadence-tabs .kt-tabs-id232280_d79471-7c > .kt-tabs-title-list li:last-child{margin-right:0px;}.wp-block-kadence-tabs .kt-tabs-id232280_d79471-7c > .kt-tabs-title-list li .kt-tab-title, .wp-block-kadence-tabs .kt-tabs-id232280_d79471-7c > .kt-tabs-content-wrap > .kt-tabs-accordion-title .kt-tab-title{font-weight:regular;font-style:normal;border-color:#cecece;color:#5a5c5d;background:#eeeeee;}.wp-block-kadence-tabs .kt-tabs-id232280_d79471-7c > .kt-tabs-title-list li .kt-tab-title:hover, .wp-block-kadence-tabs .kt-tabs-id232280_d79471-7c > .kt-tabs-content-wrap > .kt-tabs-accordion-title .kt-tab-title:hover{border-color:#eeeeee;color:#5a5c5d;background:#ffffff;}.wp-block-kadence-tabs .kt-tabs-id232280_d79471-7c > .kt-tabs-title-list li.kt-tab-title-active .kt-tab-title, .wp-block-kadence-tabs .kt-tabs-id232280_d79471-7c > .kt-tabs-content-wrap > .kt-tabs-accordion-title.kt-tab-title-active .kt-tab-title{border-color:#b63229;color:#ffffff;background:#c64239;}@media all and (max-width: 1024px){.kt-tabs-id232280_d79471-7c > .kt-tabs-content-wrap > .wp-block-kadence-tab{border-top:1px solid #dee2e6;border-right:1px solid #dee2e6;border-bottom:1px solid #dee2e6;border-left:1px solid #dee2e6;}}@media all and (max-width: 767px){.kt-tabs-id232280_d79471-7c > .kt-tabs-content-wrap > .wp-block-kadence-tab{border-top:1px solid #dee2e6;border-right:1px solid #dee2e6;border-bottom:1px solid #dee2e6;border-left:1px solid #dee2e6;}}<\/style>\n<div class=\"wp-block-kadence-tabs alignnone\"><div class=\"kt-tabs-wrap kt-tabs-id232280_d79471-7c kt-tabs-has-3-tabs kt-active-tab-1 kt-tabs-layout-tabs kt-tabs-tablet-layout-inherit kt-tabs-mobile-layout-inherit kt-tab-alignment-left \"><ul class=\"kt-tabs-title-list\"><li id=\"tab-sninbikrin\" class=\"kt-title-item kt-title-item-1 kt-tabs-svg-show-always kt-tabs-icon-side-right kt-tab-title-active\"><a href=\"#tab-sninbikrin\" data-tab=\"1\" class=\"kt-tab-title kt-tab-title-1 \"><span class=\"kt-title-text\">Snin Bikrin<\/span><\/a><\/li><li id=\"tab-primarja\" class=\"kt-title-item kt-title-item-2 kt-tabs-svg-show-always kt-tabs-icon-side-right kt-tab-title-inactive\"><a href=\"#tab-primarja\" data-tab=\"2\" class=\"kt-tab-title kt-tab-title-2 \"><span class=\"kt-title-text\">Primarja<\/span><\/a><\/li><li id=\"tab-medjausekondarja\" class=\"kt-title-item kt-title-item-3 kt-tabs-svg-show-always kt-tabs-icon-side-right kt-tab-title-inactive\"><a href=\"#tab-medjausekondarja\" data-tab=\"3\" class=\"kt-tab-title kt-tab-title-3 \"><span class=\"kt-title-text\">Medja u Sekondarja<\/span><\/a><\/li><\/ul><div class=\"kt-tabs-content-wrap\">\n<div class=\"wp-block-kadence-tab kt-tab-inner-content kt-inner-tab-1 kt-inner-tab215c60-74\"><div class=\"kt-tab-inner-content-inner\">\n<h5 class=\"wp-block-heading\"><strong><strong>\ud83d\udc93<\/strong> Mis-Serje WHOLESOME \u2013 B\u2019QALBEK KOLLHA: MIMLIJA U MFAWRA<\/strong><\/h5>\n\n\n\n<h5 class=\"wp-block-heading\"><strong>L-istorja tal-Mara bil-Vazett tal-Alabastru<\/strong><\/h5>\n\n\n\n<div class=\"wp-block-columns is-layout-flex wp-container-core-columns-is-layout-9d6595d7 wp-block-columns-is-layout-flex\">\n<div class=\"wp-block-column is-layout-flow wp-block-column-is-layout-flow\">\n<div class=\"tb-button\" data-toolset-blocks-button=\"44f5516505ed528fbcf66292fed285fd\"><a class=\"tb-button__link\" href=\"https:\/\/maltadiocese.sharepoint.com\/:p:\/s\/AoMPublic\/IQDdrVDCMf5DQb7LnhFdUwvSATWrnAtC33glfDZy5ZQBhWw?e=GKLt8o&amp;download=1\"><i class=\"tb-button__icon\"><\/i><span class=\"tb-button__content\"> Presentazzjoni<\/span><\/a><\/div>\n<\/div>\n\n\n\n<div class=\"wp-block-column is-layout-flow wp-block-column-is-layout-flow\">\n<div class=\"tb-button\" data-toolset-blocks-button=\"8e5abce2a2e9a34a1b64691cef3ef8de\"><a class=\"tb-button__link\" href=\"https:\/\/maltadiocese.sharepoint.com\/:b:\/s\/AoMPublic\/EVl9x8lJ7PxLvDzYhtUieT4B_6u0hKtlbBq3Y08A50cIIw?e=KafAuh&amp;download=1\"><i class=\"tb-button__icon\"><\/i><span class=\"tb-button__content\"> Storja<\/span><\/a><\/div>\n<\/div>\n<\/div>\n\n\n\n<h5 class=\"wp-block-heading\"><strong>\ud83d\udc49<\/strong><strong>&nbsp; G\u0127an<\/strong><\/h5>\n\n\n\n<p>It-tfal se jitg\u0127allmu kif \u0120es\u00f9 wera m\u0127abba u ma\u0127fra kbira, u kif il-mara fl-istorja \u0127abbitu lura b\u2019mod profond. Li huma wkoll jistg\u0127u matul \u0127ajjithom, jkunu ta\u2019 qalb tajba billi ja\u0127fru lil o\u0127rajn.&nbsp;<\/p>\n\n\n\n<h5 class=\"wp-block-heading\"><strong>\ud83d\udfe6<\/strong><strong>&nbsp; Introduzzjoni (2 minuti)<\/strong><\/h5>\n\n\n\n<p>L-g\u0127odwa t-tajba, kul\u0127add! Illum, se nisimg\u0127u storja spe\u010bjali dwar \u0120es\u00f9 u mara li kienet t\u0127obbu \u0127afna, b\u2019 qalbha kollha. Se nitg\u0127allmu kemm hu importanti li meta nindunaw li qed nag\u0127mlu xi \u0127a\u0121a \u0127a\u017cina nieqfu nag\u0127mluha u nitolbu ma\u0127fra u li nkunu lesti ukoll na\u0127fru lill-o\u0127rajn. Ejja nag\u0127mlu s-sinjal tas-salib u nie\u0127du mument kwiet biex inlestu ru\u0127na&nbsp; g\u0127all-istorja tag\u0127na.<\/p>\n\n\n\n<h5 class=\"wp-block-heading\"><strong>\ud83d\udcd6<\/strong><strong>&nbsp; Storja\/Filmat (3 minuti)<\/strong><\/h5>\n\n\n\n<p><strong>L-istorja ta\u2019 \u0120es\u00f9 u l-Mara bil-Vazett tal-Alabastru<\/strong> (Luqa 7:36-50)<\/p>\n\n\n\n<ul class=\"wp-block-list\">\n<li>Ara l-filmat tal-istorja flimkien. Jekk trid tista\u2019 taqra l-istorja (u\u017ca l-ver\u017cjoni adattata mil-lista ta\u2019 ri\u017corsi) u u\u017ca l-powerpoint biex tanimha.<\/li>\n\n\n\n<li>Stieden lill-istudenti jg\u0127idu l-istorja fi kliemhom stess.<\/li>\n\n\n\n<li>U\u017ca attivit\u00e0 interattiva biex i\u017c\u017comm l-attenzjoni u tag\u0127milhom aktar involuti qabel tibda d-diskussjoni.<\/li>\n<\/ul>\n\n\n\n<figure class=\"wp-block-embed is-type-video is-provider-youtube wp-block-embed-youtube wp-embed-aspect-16-9 wp-has-aspect-ratio\"><div class=\"wp-block-embed__wrapper\">\n<iframe title=\"Jesus and the Sinful Woman | Stories of the Bible\" width=\"800\" height=\"450\" src=\"https:\/\/www.youtube.com\/embed\/KvrQ3G03DQU?feature=oembed\" frameborder=\"0\" allow=\"accelerometer; autoplay; clipboard-write; encrypted-media; gyroscope; picture-in-picture; web-share\" referrerpolicy=\"strict-origin-when-cross-origin\" allowfullscreen><\/iframe>\n<\/div><\/figure>\n\n\n\n<h5 class=\"wp-block-heading\"><strong>\ud83d\udc50<\/strong><strong> Attivit\u00e0 Riflettiva \u2013 Ramel ta\u2019 Ma\u0127fra (5 minuti)<\/strong><\/h5>\n\n\n\n<p><strong>G\u0127an:<\/strong> L-istudenti jirriflettu fuq azzjonijiet li jwe\u0121\u0121g\u0127u, jesprimu rimors permezz tat-talb, u jifhmu l-ma\u0127fra ta\u2019 Alla b\u2019att simboliku.<br><strong>Materjali:<\/strong> Friskatur bir-ramel<\/p>\n\n\n\n<p><strong>Istruzzjonijiet:&nbsp;&nbsp; <\/strong>Spjega kif kultant in-nies iwe\u0121\u0121g\u0127una jew \u0121ieli nwe\u0121\u0121g\u0127u a\u0127na&nbsp; b\u2019dak li ng\u0127idu jew nag\u0127mlu.<\/p>\n\n\n\n<ul class=\"wp-block-list\">\n<li>A\u0127sbu f\u2019affarijiet li g\u0127amiltu jew g\u0127idtu li we\u0121\u0121g\u0127u lil \u0127addie\u0127or u li jiddispja\u010bikom g\u0127alihom.<\/li>\n\n\n\n<li>Ikteb l-ittra A (g\u0127al <em>a\u0127firli<\/em>) fir-ramel.<\/li>\n\n\n\n<li>G\u0127id talba ta\u2019 ma\u0127fra lil Alla, u itolbu ja\u0127firlek.<\/li>\n\n\n\n<li>Fl-a\u0127\u0127ar, illixxa l-wi\u010b\u010b tar-ramel biex tfakkar li meta tkun verament iddispja\u010but u titlob il-ma\u0127fra, Alla dejjem ja\u0127firlek.<\/li>\n<\/ul>\n\n\n\n<h5 class=\"wp-block-heading\"><strong>\ud83d\udfe6<\/strong><strong> Diskussjoni Qasira dwar l-Istorja (5 minuti) <em>(bl-u\u017cu tal-PowerPoint)<\/em><\/strong><\/h5>\n\n\n\n<ol start=\"1\" class=\"wp-block-list\">\n<li><strong>G\u0127aliex ta\u0127seb li l-mara kienet qed tibki u ta\u0127sel saqajn \u0120es\u00f9?<\/strong><br>G\u0127ax kienet t\u0127ossha ddispja\u010buta \u0127afna g\u0127ad-dnubiet tag\u0127ha u xtaqet turi l-im\u0127abba u l-gratitudni tag\u0127ha g\u0127al ma\u0127fra u mog\u0127drija.<\/li>\n\n\n\n<li><strong>\u0120es\u00f9 kif laqa\u2019 lill-mara u wera qalb tajba mag\u0127ha?<\/strong><\/li>\n<\/ol>\n\n\n\n<p>Hu wera qalb tajba g\u0127ax laqag\u0127ha mill-ewwel ming\u0127ajr ma qag\u0127ad jakku\u017cha fuq il-\u0127a\u017cin li g\u0127amlet, induna hemm kienet iddispja\u010buta u b\u2019im\u0127abba kbira \u0127afrilha.<\/p>\n\n\n\n<ol start=\"3\" class=\"wp-block-list\">\n<li><strong>X\u2019tg\u0127allimna din l-istorja dwar il-ma\u0127fra u l-im\u0127abba?<\/strong><br>Li l-ma\u0127fra twassal g\u0127al im\u0127abba kbira, u li m\u2019g\u0127andniex ni\u0121\u0121udikaw lill-o\u0127rajn skont il-passat tag\u0127hom.<\/li>\n<\/ol>\n\n\n\n<h5 class=\"wp-block-heading\"><strong>\ud83d\udfe6<\/strong><strong> Nitg\u0127allmu kif nitolbu ma\u0127fra u nag\u0127mlu l-emendi (10 minuti)<\/strong><\/h5>\n\n\n\n<p>Fl-istorja tag\u0127na, il-mara wriet lil \u0120es\u00f9 kemm kienet iddispja\u010buta u kemm kienet t\u0127obbu. Din l-istorja turina kif a\u0127na nistg\u0127u ntejbu s-sitwazzjoni meta nag\u0127mel xi \u0127a\u0121a mhux sew li tikkaw\u017ca lilna u forsi lill-o\u0127rajn xi tip ta\u2019 u\u0121ieg\u0127 jew inkwiet.<\/p>\n\n\n\n<p><strong>Hawn xi affarijiet importanti li nistg\u0127u nag\u0127mlu:<\/strong><\/p>\n\n\n\n<ol start=\"1\" class=\"wp-block-list\">\n<li><strong>Na\u0127sbu dwar dak li g\u0127amilna \u0127a\u017cin<\/strong> <strong>u in\u0127ossuna ddispja\u010buti f\u2019qalbna<\/strong> \u2013 B\u0127alma l-mara \u0127asbet dwar l-i\u017cbalji tag\u0127ha, nistg\u0127u a\u0127na wkoll na\u0127sbu dwar dak li g\u0127amilna \u0127a\u017cin u jiddispja\u010bina f\u2019qalbna.<\/li>\n\n\n\n<li><strong>Ng\u0127idu \u201ca\u0127firli\u201d<\/strong> \u2013 Il-mara wriet lil \u0120es\u00f9 li kienet iddispja\u010buta b\u2019g\u0127emilha. Lil Alla u lill-persuna li we\u0121\u0121ajna, nistg\u0127u ng\u0127idulhom li a\u0127na ddispja\u010buti. Alla dejjem ja\u0127frilna!<\/li>\n\n\n\n<li><strong>Nag\u0127mlu l-affarijiet sewwa<\/strong> \u2013 Il-mara wriet im\u0127abbitha u r-ringrazzjament tag\u0127ha lil \u0120es\u00f9. Wara li ng\u0127idu \u201cjiddispja\u010bina\u201d, nistg\u0127u nippruvaw nirran\u0121aw jew nag\u0127mlu xi \u0127a\u0121a tajba biex ner\u0121g\u0127u nag\u0127mlu tajjeb.<\/li>\n<\/ol>\n\n\n\n<p><strong>E\u017cempji ta\u2019 kif nistg\u0127u nag\u0127mlu emendi wara li jiddispja\u010biena u nitolbu ma\u0127fra:<\/strong><\/p>\n\n\n\n<ul class=\"wp-block-list\">\n<li>Nag\u0127mlu xi \u0127a\u0121a tajba g\u0127al min we\u0121\u0121ajna.<\/li>\n\n\n\n<li>Noffru l-g\u0127ajnuna tag\u0127na. Jekk a\u0127na bl-a\u0121ir tag\u0127na \u017cidna x-xog\u0127ol lil \u0127addie\u0127or, nistg\u0127u noffru biex ng\u0127inu.<\/li>\n\n\n\n<li>Naqsmu ma\u2019 min g\u0127andu b\u017conn.<\/li>\n\n\n\n<li>Inkunu \u0127bieb ta\u2019 veru biex nuru li a\u0127na jimpurtana u li nixtiequ npattu g\u0127al dak li wettaqna.<\/li>\n<\/ul>\n\n\n\n<h5 class=\"wp-block-heading\"><strong>\ud83d\udfe6 Konklu\u017cjoni (2 minuti)<\/strong><\/h5>\n\n\n\n<p>L-istorja tg\u0127allimna li kul\u0127add jist\u0127oqqlu ma\u0127fra u m\u0127abba. B\u0127alma \u0120es\u00f9 laqa\u2019 lill-mara b\u2019qalb tajba, hekk ukoll irridu nilqg\u0127u lill-o\u0127rajn ming\u0127ajr \u0121udizzju.<\/p>\n\n\n\n<p><strong>\ud83d\ude4f<\/strong><strong> Talba: <\/strong>G\u0127a\u017ci\u017c Alla, grazzi tal-im\u0127abba u l-ma\u0127fra tieg\u0127ek. G\u0127inna na\u0127fru lil min we\u0121\u0121ag\u0127na u g\u0127inna nkunu lesti nitolbu sku\u017ca meta nonqsu a\u0127na.&nbsp; Ammen.<\/p>\n<\/div><\/div>\n\n\n\n<div class=\"wp-block-kadence-tab kt-tab-inner-content kt-inner-tab-2 kt-inner-tab875903-b7\"><div class=\"kt-tab-inner-content-inner\">\n<h5 class=\"wp-block-heading\"><strong>\ud83d\udc93<\/strong><strong> MIS-SERJE WHOLESOME \u2013 B\u2019QALBEK KOLLHA: MIMLIJA U MFAWRA<\/strong><\/h5>\n\n\n\n<h5 class=\"wp-block-heading\"><strong>L-istorja tal-Mara bil-Vazett tal-Alabastru <\/strong>(Luqa 7:36-50)<\/h5>\n\n\n\n<div class=\"wp-block-columns is-layout-flex wp-container-core-columns-is-layout-9d6595d7 wp-block-columns-is-layout-flex\">\n<div class=\"wp-block-column is-layout-flow wp-block-column-is-layout-flow\">\n<div class=\"tb-button\" data-toolset-blocks-button=\"3693509e8e6d72476968fc7886e5b032\"><a class=\"tb-button__link\" href=\"https:\/\/maltadiocese.sharepoint.com\/:p:\/s\/AoMPublic\/EUpOTjlQwaVPhG9kt0uN36wB-Yth0cZltWUd87RlFJdP0Q?e=e2sgMb&amp;download=1\"><i class=\"tb-button__icon\"><\/i><span class=\"tb-button__content\"> Pre\u017centazzjoni<\/span><\/a><\/div>\n<\/div>\n\n\n\n<div class=\"wp-block-column is-layout-flow wp-block-column-is-layout-flow\">\n<div class=\"tb-button\" data-toolset-blocks-button=\"8e5abce2a2e9a34a1b64691cef3ef8de\"><a class=\"tb-button__link\" href=\"https:\/\/maltadiocese.sharepoint.com\/:b:\/s\/AoMPublic\/EVl9x8lJ7PxLvDzYhtUieT4B_6u0hKtlbBq3Y08A50cIIw?e=KafAuh&amp;download=1\"><i class=\"tb-button__icon\"><\/i><span class=\"tb-button__content\"> Storja<\/span><\/a><\/div>\n<\/div>\n<\/div>\n\n\n\n<h5 class=\"wp-block-heading\"><strong>\ud83d\udc49 G\u0127an<\/strong><\/h5>\n\n\n\n<p>L-istudenti se jkunu jistg\u0127u jifhmu l-importanza tal-ma\u0127fra, l-im\u0127abba u l-vera ospitalit\u00e0 permezz tal-istorja ta\u2019 \u0120es\u00f9 u l-mara bil-Vazett tal-Alabastru, u jirriflettu dwar kif jistg\u0127u juru dawn il-virtujiet f\u2019\u0127ajjithom stess.<\/p>\n\n\n\n<h5 class=\"wp-block-heading\"><strong>\ud83d\udfe6<\/strong><strong> Introduzzjoni (2 minuti)<\/strong><\/h5>\n\n\n\n<p>L-g\u0127odwa t-tajba, kul\u0127add! Illum se nisimg\u0127u storja sabi\u0127a dwar \u0120es\u00f9 u mara li wrietu m\u0127abba kbira. Din l-istorja tg\u0127allimna dwar il-ma\u0127fra, il-fehma u xi tfisser li nilqg\u0127u lil xi \u0127add b\u2019qalbna kollha. Ejja nag\u0127mlu s-sinjal tas-salib qabel naraw il-filmat, u ng\u0127addu mument ta\u2019 silenzju biex nikkalmaw u n\u0127ejju ru\u0127na.<\/p>\n\n\n\n<h5 class=\"wp-block-heading\"><strong>\ud83d\udcd6<\/strong><strong>&nbsp; Storja (5 minuti)<\/strong><\/h5>\n\n\n\n<p><strong>L-istorja ta\u2019 \u0120es\u00f9 u l-Mara bil-Vazett tal-Alabastru<\/strong> (Luqa 7:36-50)<\/p>\n\n\n\n<ul class=\"wp-block-list\">\n<li>Ara l-filmat tal-istorja flimkien.<\/li>\n\n\n\n<li>Stieden lill-istudenti jg\u0127idu l-istorja fi kliemhom stess.<\/li>\n\n\n\n<li>U\u017ca attivit\u00e0 interattiva biex i\u017c\u017comm l-attenzjoni u tag\u0127milhom aktar involuti qabel tibda d-diskussjoni.<\/li>\n<\/ul>\n\n\n\n<figure class=\"wp-block-embed is-type-video is-provider-youtube wp-block-embed-youtube wp-embed-aspect-16-9 wp-has-aspect-ratio\"><div class=\"wp-block-embed__wrapper\">\n<iframe title=\"Jesus and the Sinful Woman | Stories of the Bible\" width=\"800\" height=\"450\" src=\"https:\/\/www.youtube.com\/embed\/KvrQ3G03DQU?feature=oembed\" frameborder=\"0\" allow=\"accelerometer; autoplay; clipboard-write; encrypted-media; gyroscope; picture-in-picture; web-share\" referrerpolicy=\"strict-origin-when-cross-origin\" allowfullscreen><\/iframe>\n<\/div><\/figure>\n\n\n\n<h5 class=\"wp-block-heading\"><strong>\ud83d\udc50<\/strong><strong> Attivit\u00e0 Riflettiva \u2013 Ramel ta\u2019 Ma\u0127fra (5 minuti)<\/strong><\/h5>\n\n\n\n<p><strong>G\u0127an:<\/strong> L-istudenti jirriflettu fuq azzjonijiet li jwe\u0121\u0121g\u0127u, jesprimu rimors permezz tat-talb, u jifhmu l-ma\u0127fra ta\u2019 Alla b\u2019att simboliku.<br><strong>Materjali:<\/strong> Friskatur bir-ramel<\/p>\n\n\n\n<p><strong>Istruzzjonijiet:&nbsp;&nbsp; <\/strong>Spjega kif kultant in-nies iwe\u0121\u0121g\u0127una jew \u0121ieli nwe\u0121\u0121g\u0127u a\u0127na&nbsp; b\u2019dak li ng\u0127idu jew nag\u0127mlu.<\/p>\n\n\n\n<ul class=\"wp-block-list\">\n<li>A\u0127sbu f\u2019affarijiet li g\u0127amiltu jew g\u0127idtu li we\u0121\u0121g\u0127u lil \u0127addie\u0127or u li jiddispja\u010bikom g\u0127alihom.<\/li>\n\n\n\n<li>Ikteb l-ittra A (g\u0127al <em>a\u0127firli<\/em>) fir-ramel.<\/li>\n\n\n\n<li>G\u0127id talba ta\u2019 ma\u0127fra lil Alla, u itolbu ja\u0127firlek.<\/li>\n\n\n\n<li>Fl-a\u0127\u0127ar, illixxa l-wi\u010b\u010b tar-ramel biex tfakkar li meta tkun verament iddispja\u010but u titlob il-ma\u0127fra, Alla dejjem ja\u0127firlek.<\/li>\n<\/ul>\n\n\n\n<h5 class=\"wp-block-heading\"><strong>\ud83d\udfe6<\/strong><strong> Diskussjoni Qasira dwar l-Istorja (5 minuti) <em>(bl-u\u017cu tal-PowerPoint)<\/em><\/strong><\/h5>\n\n\n\n<ol start=\"1\" class=\"wp-block-list\">\n<li><strong>G\u0127aliex ta\u0127seb li l-mara kienet qed tibki u ta\u0127sel saqajn \u0120es\u00f9?<\/strong><br>G\u0127ax kienet t\u0127ossha ddispja\u010buta \u0127afna g\u0127ad-dnubiet tag\u0127ha u xtaqet turi l-im\u0127abba u l-gratitudni tag\u0127ha g\u0127al ma\u0127fra u mog\u0127drija.<\/li>\n\n\n\n<li><strong>Xmun il-Fari\u017cew kif \u0127assu dwar il-mara?<\/strong><br>\u0126ass li \u0120es\u00f9 ma kellux jit\u0127allat ma\u2019 nies b\u0127ala g\u0127ax f\u2019g\u0127ajnejh kienet mara \u0127a\u017cina. Hu kien qed ji\u0121\u0121udikha fuq ir-reputazzjoni tag\u0127ha. \u0120es\u00f9 g\u0127amel bil-kontra. Anzi a\u010b\u010betta l-att ta\u2019 m\u0127abba u ma\u0127fra li wriet ming\u0127ajr \u0121udizzju. Hu \u0127afrilha u ta l-pa\u010bi f\u2019qalbha.<\/li>\n\n\n\n<li><strong>X\u2019kien il-punt tal-parabbola ta\u017c-\u017cew\u0121 persuni li kellhom jag\u0127tu l-flus?<\/strong><br>Li min jin\u0127afirlu \u0127afna, jispi\u010b\u010ba j\u0127obb \u0127afna.<\/li>\n\n\n\n<li><strong>X\u2019tg\u0127allimna din l-istorja dwar il-ma\u0127fra u l-im\u0127abba?<\/strong><br>Li l-ma\u0127fra twassal g\u0127al im\u0127abba kbira, u li m\u2019g\u0127andniex ni\u0121\u0121udikaw lill-o\u0127rajn skont il-passat tag\u0127hom.<\/li>\n<\/ol>\n\n\n\n<h5 class=\"wp-block-heading\"><strong>\ud83d\udfe6<\/strong><strong> Diskussjoni\/niftakru dwar is-Sagrament tar-Rikon\u010biljazzjoni (10 minuti)<\/strong><\/h5>\n\n\n\n<p><strong>Il-5 passi tal-indiema:<\/strong><\/p>\n\n\n\n<ol start=\"1\" class=\"wp-block-list\">\n<li><strong>E\u017cami tal-kuxjenza<\/strong> \u2013 Il-mara rriflettiet qabel resqet lejn \u0120es\u00f9.<\/li>\n\n\n\n<li><strong>Kontrizzjoni<\/strong> \u2013 Uriet dispja\u010bir kbir g\u0127al dnubietha bid-dmug\u0127 tag\u0127ha.<\/li>\n\n\n\n<li><strong>Qrar<\/strong> \u2013 G\u0127alkemm ma qaletx kliem, g\u0127emilha wera l-qrar tag\u0127ha.<\/li>\n\n\n\n<li><strong>Assoluzzjoni<\/strong> \u2013 \u0120es\u00f9 qalilha li dnubietha kienu ma\u0127fura.<\/li>\n\n\n\n<li><strong>Penitenza<\/strong> \u2013 U\u017cat \u017cejt li jiswa \u0127afna b\u0127ala sinjal ta\u2019 gratitudni u m\u0127abba.<\/li>\n<\/ol>\n\n\n\n<p><strong>E\u017cempji ta\u2019 kif nag\u0127mlu emendi wara qrara:<\/strong><\/p>\n\n\n\n<ul class=\"wp-block-list\">\n<li>Nag\u0127mlu xi \u0127a\u0121a tajba g\u0127al min we\u0121\u0121ajna.<\/li>\n\n\n\n<li>Noffru l-g\u0127ajnuna tag\u0127na. Jekk a\u0127na bl-a\u0121ir tag\u0127na \u017cidna x-xog\u0127ol lil \u0127addie\u0127or, nistg\u0127u noffru biex ng\u0127inu.<\/li>\n\n\n\n<li>Naqsmu ma\u2019 min g\u0127andu b\u017conn.<\/li>\n\n\n\n<li>Inkunu \u0127bieb ta\u2019 veru biex nuru li a\u0127na jimpurtana u li nixtiequ npattu g\u0127al dak li wettaqna.<\/li>\n<\/ul>\n\n\n\n<h5 class=\"wp-block-heading\"><strong>\ud83d\udfe6<\/strong><strong> Konklu\u017cjoni (2 minuti)<\/strong><\/h5>\n\n\n\n<p>L-istorja tg\u0127allimna li kul\u0127add jist\u0127oqqlu ma\u0127fra u m\u0127abba. B\u0127alma \u0120es\u00f9 laqa\u2019 lill-mara b\u2019qalb tajba, hekk ukoll irridu nilqg\u0127u lill-o\u0127rajn ming\u0127ajr \u0121udizzju.<\/p>\n\n\n\n<p><strong>\ud83d\ude4f<\/strong><strong> Talba: <\/strong>G\u0127a\u017ci\u017c Alla, grazzi tal-im\u0127abba u l-ma\u0127fra tieg\u0127ek. G\u0127inna na\u0127fru lil min we\u0121\u0121ag\u0127na u g\u0127inna nkunu lesti nitolbu sku\u017ca meta nonqsu a\u0127na.&nbsp; Ammen.<\/p>\n<\/div><\/div>\n\n\n\n<div class=\"wp-block-kadence-tab kt-tab-inner-content kt-inner-tab-3 kt-inner-tabf42450-d0\"><div class=\"kt-tab-inner-content-inner\">\n<h5 class=\"wp-block-heading\"><strong>MIS-SERJE <em>WHOLESOME<\/em><\/strong><\/h5>\n\n\n\n<h4 class=\"wp-block-heading\">\ud83d\udc93<strong> B\u2019QALBEK KOLLHA: MIMLIJA U MFAWRA<\/strong><\/h4>\n\n\n\n<h5 class=\"wp-block-heading\"><em>L-istorja tal-mara bil-va\u017cett tal-alabastru (Luqa 7:36-50)<\/em><\/h5>\n\n\n\n<div class=\"wp-block-columns is-layout-flex wp-container-core-columns-is-layout-9d6595d7 wp-block-columns-is-layout-flex\">\n<div class=\"wp-block-column is-layout-flow wp-block-column-is-layout-flow\">\n<div class=\"tb-button\" data-toolset-blocks-button=\"458717e3702ea28c6085741e9cffcf64\"><a class=\"tb-button__link\" href=\"https:\/\/maltadiocese.sharepoint.com\/:p:\/s\/AoMPublic\/EXi-Qcq20cBCqH1bA8yb_FEBYW-ygHQusDD6S6YT-yR_zg?e=isFtFX&amp;download=1\"><i class=\"tb-button__icon\"><\/i><span class=\"tb-button__content\"> Pre\u017centazzjoni g\u0127all-Med.<\/span><\/a><\/div>\n<\/div>\n\n\n\n<div class=\"wp-block-column is-layout-flow wp-block-column-is-layout-flow\">\n<div class=\"tb-button\" data-toolset-blocks-button=\"ffce3499888ba0c57b165c52f2085fee\"><a class=\"tb-button__link\" href=\"https:\/\/maltadiocese.sharepoint.com\/:p:\/s\/AoMPublic\/EZSuGwnkbPpFqflp4MxTBsMBYFQtJEuGycU85iBk1QB0Mw?e=lpMK9H&amp;download=1\"><i class=\"tb-button__icon\"><\/i><span class=\"tb-button__content\">Pre\u017centazzjoni g\u0127as-Sek.<\/span><\/a><\/div>\n<\/div>\n<\/div>\n\n\n\n<div class=\"tb-button\" data-toolset-blocks-button=\"0429192f16cd64427513253eca03e7e1\"><a class=\"tb-button__link\" href=\"https:\/\/maltadiocese.sharepoint.com\/:b:\/s\/AoMPublic\/EQwV6zbQeexNhSYGHYZgvycB9E4QO8Y2qc6aByh1SiIkSw?e=QQwaD3&amp;download=1\"><i class=\"tb-button__icon\"><\/i><span class=\"tb-button__content\">Mudell ta&#8217; Va\u017cett<\/span><\/a><\/div>\n\n\n\n<h5 class=\"wp-block-heading\">\ud83d\udfe6 <strong>INTRODUZZJONI (5 min.)<\/strong><\/h5>\n\n\n\n<h5 class=\"wp-block-heading\">1. <strong>Ftu\u0127<\/strong><\/h5>\n\n\n\n<ul class=\"wp-block-list\">\n<li>L-animatur jibda\u2019 billi jistaqsi:<\/li>\n<\/ul>\n\n\n\n<p>\ud83d\udc49 \u201cX\u2019ji\u0121i f\u2019mo\u0127\u0127ok meta tisma\u2019 l-kelma \u2018wholesome\u2019?\u201d<\/p>\n\n\n\n<ul class=\"wp-block-list\">\n<li>Ilqa\u2019 ftit risposni u fa\u0127\u0127ar il-kontribuzzjonijiet kollha.<\/li>\n<\/ul>\n\n\n\n<p><\/p>\n\n\n\n<p><\/p>\n\n\n\n<p><\/p>\n\n\n\n<p><\/p>\n\n\n\n<h5 class=\"wp-block-heading\">2. <strong>G\u0127aqqad mis-sensiela<\/strong><\/h5>\n\n\n\n<ul class=\"wp-block-list\">\n<li>Spjega li wholesome tfisser \u201cs\u0127i\u0127, komplut, imwettaq, jew integrat.\u201d<\/li>\n\n\n\n<li><strong>Wholesome: Sensiela ta\u2019 Stejjer<\/strong> tg\u0127ina nespjoru kif inkulu \u0127a\u0121a wa\u0127da:<\/li>\n<\/ul>\n\n\n\n<p>\ud83d\udc93 b\u2019Qalbna kollha<\/p>\n\n\n\n<p>\ud83e\udde0 b\u2019Mo\u0127\u0127na kollu<\/p>\n\n\n\n<p>\ud83d\udcaa\ud83c\udffc bil-Qawwa kollha (tal-\u0121isem)<\/p>\n\n\n\n<p>\ud83d\udd25 b\u2019Ru\u0127na kollha<\/p>\n\n\n\n<p><\/p>\n\n\n\n<p><\/p>\n\n\n\n<p><\/p>\n\n\n\n<p><\/p>\n\n\n\n<h5 class=\"wp-block-heading\">3. <strong>Ag\u0127ti kuntest<\/strong><\/h5>\n\n\n\n<ul class=\"wp-block-list\">\n<li>\u201cL-istorja tal-lum se tkellimna fuq il-<strong>qalb <\/strong>\u2014 x\u2019tifhem b\u2019qalb? X\u2019ji\u0121i f\u2019mo\u0127\u0127ok? X\u2019attitudnijiet?\u201d<\/li>\n\n\n\n<li>\u201cPermezz tal-istorja ta\u2019 \u010bertu mara li kienet i\u0127\u0127orr va\u017cett tal-alabastru \u2013 issa nisiru nafu x\u2019inhu \u2013 se nisimg\u0127u fuq kif l-im\u0127abba to\u0127ro\u0121 b\u2019mod abbundanti minn qalb li hija \u0127elsa, ma\u0127fura, u mimlija. Se nsemmuha: <strong>\u201cB\u2019Qalbek kollha: Mimlija u Mfawra.\u201d<\/strong><\/li>\n<\/ul>\n\n\n\n<h5 class=\"wp-block-heading\">\ud83d\udcd6 <strong>L-EWWEL QARI (Luqa 19:1\u201310) \u2013 Qari kollu<\/strong><\/h5>\n\n\n\n<ul class=\"wp-block-list\">\n<li>L-Animatur jag\u0127mel is-Sinjal tas-Salib u jaqra l-passa\u0121\u0121 mill-bibbja jew skrin.<\/li>\n\n\n\n<li>Imbag\u0127ad jistaqsi:<\/li>\n\n\n\n<li>\u201c\u0120ieli kont smajt din l-istorja qabel?\u201d<\/li>\n\n\n\n<li>\u201cLaqtek xi \u0127a\u0121a minnha?\u201d<\/li>\n\n\n\n<li>Isma\u2019 ming\u0127ajr \u0121udizzju \u2013 dan huwa mument fejn niltaqg\u0127u mal-istudenti fejn jinsabu.<\/li>\n<\/ul>\n\n\n\n<p><\/p>\n\n\n\n<p><\/p>\n\n\n\n<p><\/p>\n\n\n\n<p><\/p>\n\n\n\n<h5 class=\"wp-block-heading\"><strong>Introdu\u010bi it-3 Punti Prin\u010bipali:<\/strong><\/h5>\n\n\n\n<ol class=\"wp-block-list\">\n<li><strong>Fejn t\u0127abbat il-qalb, hemm id-dar &nbsp;<\/strong>\u2013 Nilqg\u0127u lill-o\u0127rajn b&#8217;ospitalit\u00e0 sin\u010biera.  <\/li>\n\n\n\n<li><strong>Fejn hemm it-te\u017cor tieg\u0127ek, hemm tinsab qalbek ukoll <\/strong>\u2013 Nitg\u0127allmu kif ni\u010b\u010beknu biex nir\u010bievu l-im\u0127abba t\u2019Alla.<\/li>\n\n\n\n<li><strong>Qalbna tfur, u nsiru s\u0127a\u0127 <\/strong>\u2013 Nir\u010bievu \u0127ajja \u0121dida u l-\u0121ie\u0127 li naqsmuha b\u2019abbundanza mad-dinja.<\/li>\n<\/ol>\n\n\n\n<h5 class=\"wp-block-heading\">\ud83d\udfea <strong>IT-TIENI QARI \u2013 PARTI 1<\/strong> (<strong>Versi 36\u201339):<\/strong><\/h5>\n\n\n\n<h5 class=\"wp-block-heading\"><strong>FEJN T\u0126ABBAT IL-QALB, HEMM IL-QALB &#8211;<\/strong> NILQG\u0126U LILL-O\u0126RAJN B\u2019OSPITALIT\u00c0 SIN\u010aIERA <strong>&nbsp;<\/strong><\/h5>\n\n\n\n<p><strong>Punti + Mistoqsijiet tal-Animatur:<\/strong><\/p>\n\n\n\n<ul class=\"wp-block-list\">\n<li><strong>Xmun il-Fari\u017cew jistieden lil \u0120es\u00f9 d-dar tieg\u0127u imma mhux f\u2019qalbu<\/strong>.<\/li>\n<\/ul>\n\n\n\n<p>\ud83d\udc49 <em>Kif tkun veru ospitabbli?<\/em><\/p>\n\n\n\n<ul class=\"wp-block-list\">\n<li><strong>Il-va\u017cett tal-mara huwa b\u0127al qalbha &#8211; trasparenti, fra\u0121li, imma prezzju\u017ca.<\/strong><\/li>\n<\/ul>\n\n\n\n<p>\ud83d\udc49 <em>Liem huma dawk l-affarijiet jew nies prezzju\u017ci f\u2019\u0127ajtek li int grat g\u0127alihom?<\/em><\/p>\n\n\n\n<ul class=\"wp-block-list\">\n<li><strong>Il-qalb ta\u2019 Xmun kienet mimlija \u0121udizzju mhux ospitalit\u00e0.<\/strong><\/li>\n<\/ul>\n\n\n\n<p>\ud83d\udc49<em> \u0120ieli \u0127assejtek imbe\u017c\u017ca biex taqsam xi \u0127a\u0121a spe\u010bjali g\u0127alik min\u0127abba&nbsp;l-bi\u017ca\u2019 li tkun i\u0121\u0121udikat?<\/em><\/p>\n\n\n\n<p><\/p>\n\n\n\n<p><\/p>\n\n\n\n<p><\/p>\n\n\n\n<p><\/p>\n\n\n\n<h5 class=\"wp-block-heading\">\ud83c\udffa <strong>Attivit\u00e0 \u2013 Va\u017cetti ta\u2019 Gratitudni:<\/strong><\/h5>\n\n\n\n<ul class=\"wp-block-list\">\n<li>G\u0127addi <strong>mudelli ta\u2019 va\u017cetti<\/strong> tal-karti (ifu\u0127u jekk possibbli) jew ippin\u0121uhom.<\/li>\n\n\n\n<li>Stieden lill-istudenti biex jiktbu <strong>talb ta\u2019 ringrazzjament<\/strong> lil Alla g\u0127all-affarijiet\/relazzjonijiet\/mumenti prezzju\u017ci f\u2019\u0127ajjithom.<\/li>\n\n\n\n<li>Dawn il-va\u017cetti jintu\u017caw aktar tard.<\/li>\n<\/ul>\n\n\n\n<h5 class=\"wp-block-heading\">\ud83d\udfe8 <strong>IT-TIENI QARI \u2013 PARTI 2<\/strong> (<strong>Versi 40-47):<\/strong><\/h5>\n\n\n\n<h5 class=\"wp-block-heading\">FEJN HEMM IT-TE\u017bOR TIEG\u0126EK, HEMM TINSAB QALBEK UKOLL <strong>&#8211; NITG\u0126ALLMU KIF NI\u010a\u010aEKNU BIEX NIR\u010aIEVU L-IM\u0126ABBA T\u2019ALLA.<\/strong><\/h5>\n\n\n\n<p><strong>Punti + Mistoqsijiet tal-Animatur:<\/strong><\/p>\n\n\n\n<ul class=\"wp-block-list\">\n<li><strong>\u0120es\u00f9 jisma\u2019 qalb Xmun u jistiednu sabiex jitg\u0127allem l-lingwa tal-im\u0127abba.<\/strong><\/li>\n<\/ul>\n\n\n\n<p>\ud83d\udc49 <em>Kont taf li a\u0127na nikkomunikaw l-im\u0127abba b<\/em><em>\u2019<\/em><em>\u0127afna modi differenti?<\/em><\/p>\n\n\n\n<ul class=\"wp-block-list\">\n<li><strong>\u201cD\u0127alt g\u0127andek, u ilma g\u0127al ri\u0121lejja ma tajtnix &#8230; .\u201d Il-parabbola turi li l-umilt\u00e0 \u2013 mhux il-kburija \u2013 hija \u010b-\u010bavetta g\u0127al qalb ta\u2019 Alla<\/strong>.<\/li>\n<\/ul>\n\n\n\n<p><em>L-umilt\u00e0 tfisser tara lilek innifsek minn g\u0127ajnejn Alla. \ud83d\udc49T\u0127oss li hu xieraq li kultant tibki dnubietek? <\/em><\/p>\n\n\n\n<p><\/p>\n\n\n\n<h5 class=\"wp-block-heading\">\ud83d\udc94 \ud83d\ude22<strong>Attivit\u00e0 \u2013 Ramel ta\u2019 Ma\u0127fra.<\/strong><\/h5>\n\n\n\n<p>Stieden lill-istudenti jipparte\u010bipaw f&#8217;din* l-attivit\u00e0 ta\u2019 talb, li tg\u0127inhom jitolbu ma\u0127fra:<\/p>\n\n\n\n<p>Kultant in-nies jg\u0127idulna kliem jew jag\u0127mlulna affarijiet li jwe\u0121\u0121g\u0127una bihom. Xi drabi nkunu a\u0127na stess li nwe\u0121\u0121g\u0127u lill-o\u0127rajn b\u2019dak li ng\u0127idu u nag\u0127mlu. A\u0127seb dwar dak li g\u0127idt u g\u0127amilt u tixtieq titlob ma\u0127fra<br>tag\u0127hom.<\/p>\n\n\n\n<ul class=\"wp-block-list\">\n<li><strong>Ikteb l-ittra \u2018A\u2019 ta\u2019 \u2018A\u0127firli\u2019 fir-ramel<\/strong>.<\/li>\n\n\n\n<li><strong>Issa, g\u0127id talba ta\u2019 ma\u0127fra f\u2019qalbek billi titlob lil Alla ja\u0127firlek.<\/strong><\/li>\n\n\n\n<li><strong>Finalment, \u0127assar l-ittra \u2018A\u2019 u ag\u0127mel ir-ramel lixx biex tiftakar li meta verament jiddispja\u010bik u titlob ma\u0127fra, Alla ja\u0127firlek dejjem.<\/strong><\/li>\n<\/ul>\n\n\n\n<p>*Ver\u017c\u017cjoni aktar sempli\u010bi tista&#8217; tkun li kull student\/a t\/jikteb &#8216;A&#8217; fuq karta u xi \u0127addie\u0127or jarmijielu, b\u0127ala sinjal li hu ma\u0127fur. L-importanti hu li ssir mill-qalb, bil-mod, u b&#8217;rispett.<\/p>\n\n\n\n<p><\/p>\n\n\n\n<h5 class=\"wp-block-heading\">\ud83d\udfe9 <strong>IT-TIENI QARI \u2013 PARTI 3<\/strong> (<strong>Versi 48\u201350):<\/strong><\/h5>\n\n\n\n<h5 class=\"wp-block-heading\"><strong>QALBNA TFUR, U NSIRU S\u0126A\u0126&nbsp; &#8211;<\/strong> NIR\u010aIEVU \u0126AJJA \u0120DIDA U L-\u0120IE\u0126 LI NAQSMUHA B\u2019ABBUNDANZA MAD-DINJA.<\/h5>\n\n\n\n<p><strong>Punti + Mistoqsijiet tal-Animatur:<\/strong><\/p>\n\n\n\n<ul class=\"wp-block-list\">\n<li><strong>\u201cDnubietek ma\u0127fura\u201d &#8211;&nbsp; \u0120es\u00f9 jiddikjaraha \u0127ielsa mill-passat tag\u0127ha. <\/strong><em>\ud83d\udc49<\/em><em> X\u2019tag\u0127llimna t-talba tal-Missierna fuq il-ma\u0127fra? G\u0127andi b\u017conn na\u0127fer lil xi \u0127add?<\/em><\/li>\n\n\n\n<li><strong>Il-mistiednin baqg\u0127u miblug\u0127in \u2013 \u201cDan min hu biex ja\u0127fer id-dnubiet ukoll?\u201d<\/strong><\/li>\n<\/ul>\n\n\n\n<p><em>\u0120es\u00f9 huwa fil-fatt ikbar minn \u201cprofeta\u201d u jixtieq jg\u0127atina l-privilie\u0121\u0121 li b\u0127ala ulied Alla ng\u0127inu o\u0127rajn jilqg\u0127u l-\u0127niena tieg\u0127u. <\/em><em>\ud83d\udc49<\/em><em>Kif nista\u2019 nkun aktar b\u0127al \u0120es\u00f9?<\/em><\/p>\n\n\n\n<ul class=\"wp-block-list\">\n<li><strong>\u0120es\u00f9 jfejjaq lil mara mill-\u0127tija u l-mist\u0127ija \u2013 jg\u0127atiha qalb \u0121dida, b\u0127ala xhieda.<\/strong><\/li>\n<\/ul>\n\n\n\n<p><em>\ud83d\udc49<\/em><em> Kif nista\u2019 naqsam l-im\u0127abba ta\u2019 Alla ma\u2019 xi \u0127add li g\u0127andu b\u017conn ikun imfarra\u0121?<\/em><em><\/em><\/p>\n\n\n\n<p><\/p>\n\n\n\n<p><\/p>\n\n\n\n<p><\/p>\n\n\n\n<p><\/p>\n\n\n\n<h5 class=\"wp-block-heading\">\ud83e\udd1d <strong>Attivit\u00e0 \u2013 <\/strong>Qalb imfawra<\/h5>\n\n\n\n<p>F\u2019pari:<\/p>\n\n\n\n<ul class=\"wp-block-list\">\n<li>L-istudenti jaqsmu it-talb fuq il-<strong>Va\u017cetti ta\u2019 Gratitudni<\/strong> ma\u2019 xulxin.<\/li>\n\n\n\n<li>I\u0127arsu lejn xulxin u jfakru lil xulxin:<\/li>\n<\/ul>\n\n\n\n<p>\u201cInt ma\u0127bub\/a u prezzju\u017c\/a f\u2019g\u0127ajnejn Alla.\u201d<\/p>\n\n\n\n<p><\/p>\n\n\n\n<p><\/p>\n\n\n\n<p><\/p>\n\n\n\n<p><\/p>\n\n\n\n<h5 class=\"wp-block-heading\">\ud83d\ude4f <strong>G\u0126ELUQ<\/strong><\/h5>\n\n\n\n<ul class=\"wp-block-list\">\n<li>G\u0127alaq bit-talba tal-Missierna, iffoka spe\u010bjalment fuq:<\/li>\n<\/ul>\n\n\n\n<p><em>\u201cA\u0127frilna dnubietna. B\u0127alma na\u0127fru lil min hu \u0127ati g\u0127alina.\u201d<\/em><\/p>\n<\/div><\/div>\n<\/div><\/div><\/div>\n\n\n<a class=\"print-page button\" href=\"javascript:window.print();\"><i class=\"far fa-print\"><\/i> Ipprintja l-pa\u0121na<\/a>\n\n\n\n<hr class=\"wp-block-separator has-alpha-channel-opacity\"\/>\n\n\n\n<h3 class=\"wp-block-heading\">Programmes<\/h3>\n\n\n\n\n\n\n<div id=\"wpv-view-layout-8611-CATTR46b6ae937d86f0f5f3a5ab5c67f11b37TCPID232280\" class=\"js-wpv-view-layout js-wpv-layout-responsive js-wpv-view-layout-8611-CATTR46b6ae937d86f0f5f3a5ab5c67f11b37TCPID232280\" data-viewnumber=\"8611-CATTR46b6ae937d86f0f5f3a5ab5c67f11b37TCPID232280\" data-pagination=\"{&quot;id&quot;:8611,&quot;query&quot;:&quot;normal&quot;,&quot;type&quot;:&quot;disabled&quot;,&quot;effect&quot;:&quot;fade&quot;,&quot;duration&quot;:500,&quot;speed&quot;:5,&quot;pause_on_hover&quot;:&quot;disabled&quot;,&quot;stop_rollover&quot;:&quot;false&quot;,&quot;cache_pages&quot;:&quot;enabled&quot;,&quot;preload_images&quot;:&quot;enabled&quot;,&quot;preload_pages&quot;:&quot;enabled&quot;,&quot;preload_reach&quot;:1,&quot;spinner&quot;:&quot;builtin&quot;,&quot;spinner_image&quot;:&quot;https:\/\/sds.mt\/wp-content\/plugins\/toolset-blocks\/embedded\/res\/img\/ajax-loader.gif&quot;,&quot;callback_next&quot;:&quot;&quot;,&quot;manage_history&quot;:&quot;enabled&quot;,&quot;has_controls_in_form&quot;:&quot;disabled&quot;,&quot;infinite_tolerance&quot;:&quot;0&quot;,&quot;max_pages&quot;:0,&quot;page&quot;:1,&quot;base_permalink&quot;:&quot;\/mt\/wp-json\/wp\/v2\/posts\/232280?wpv_view_count=8611-CATTR46b6ae937d86f0f5f3a5ab5c67f11b37TCPID232280&amp;wpv_paged=WPV_PAGE_NUM&quot;,&quot;loop&quot;:{&quot;type&quot;:&quot;&quot;,&quot;name&quot;:&quot;&quot;,&quot;data&quot;:[],&quot;id&quot;:0}}\" data-permalink=\"\/mt\/wp-json\/wp\/v2\/posts\/232280?wpv_view_count=8611-CATTR46b6ae937d86f0f5f3a5ab5c67f11b37TCPID232280\">\n\n\t\n\t\n\t<table width=\"100%\" class=\"pa-rl wpv-loop js-wpv-loop\" cellspacing=\"5\">\n\t\n\t\t\n\t\t<tr>\n\t\t\t<td class=\"smaller\">\n\t\t\t\t\n<figure class=\"wp-block-image tb-image tb-image-dynamic\" data-toolset-blocks-image=\"4237204bb0f2388c8cd0daeb4e0ed893\"><a href=\"https:\/\/sds.mt\/mt\/programmes\/with-reading-and-writing-i-find-a-beloved-space\/\"><img loading=\"lazy\" loading=\"lazy\" loading=\"lazy\" decoding=\"async\" width=\"8375\" height=\"8375\" loading=\"lazy\" src=\"https:\/\/sds.mt\/wp-content\/uploads\/2023\/07\/Spazju-ghal-Qalbi_EN.jpg\" alt=\"\" class=\"wp-image-147146\"\/><\/a><\/figure>\n\n\n\n<h3 class=\"wp-block-heading\"><strong><a href=\"https:\/\/sds.mt\/mt\/programmes\/with-reading-and-writing-i-find-a-beloved-space\/\">With Reading and Writing, I find a Beloved Space<\/a><\/strong><\/h3>\n\n\n<p><\/p>\n\n\t\t\t<\/td>\n\t\t\n\t\t\n\t\t\t<td class=\"smaller\">\n\t\t\t\t\n<figure class=\"wp-block-image tb-image tb-image-dynamic\" data-toolset-blocks-image=\"4237204bb0f2388c8cd0daeb4e0ed893\"><a href=\"https:\/\/sds.mt\/mt\/programmes\/journeying-together\/\"><img loading=\"lazy\" loading=\"lazy\" loading=\"lazy\" decoding=\"async\" width=\"2499\" height=\"1666\" loading=\"lazy\" src=\"https:\/\/sds.mt\/wp-content\/uploads\/2023\/07\/ST1_1145-2012023-101250.jpg\" alt=\"\" class=\"wp-image-149254\" srcset=\"https:\/\/sds.mt\/wp-content\/uploads\/2023\/07\/ST1_1145-2012023-101250.jpg 2499w, https:\/\/sds.mt\/wp-content\/uploads\/2023\/07\/ST1_1145-2012023-101250-300x200.jpg 300w, https:\/\/sds.mt\/wp-content\/uploads\/2023\/07\/ST1_1145-2012023-101250-1024x683.jpg 1024w, https:\/\/sds.mt\/wp-content\/uploads\/2023\/07\/ST1_1145-2012023-101250-768x512.jpg 768w, https:\/\/sds.mt\/wp-content\/uploads\/2023\/07\/ST1_1145-2012023-101250-1536x1024.jpg 1536w, https:\/\/sds.mt\/wp-content\/uploads\/2023\/07\/ST1_1145-2012023-101250-2048x1365.jpg 2048w, https:\/\/sds.mt\/wp-content\/uploads\/2023\/07\/ST1_1145-2012023-101250-640x427.jpg 640w, https:\/\/sds.mt\/wp-content\/uploads\/2023\/07\/ST1_1145-2012023-101250-800x533.jpg 800w, https:\/\/sds.mt\/wp-content\/uploads\/2023\/07\/ST1_1145-2012023-101250-1200x800.jpg 1200w, https:\/\/sds.mt\/wp-content\/uploads\/2023\/07\/ST1_1145-2012023-101250-20x13.jpg 20w\" sizes=\"auto, (max-width: 2499px) 100vw, 2499px\" \/><\/a><\/figure>\n\n\n\n<h3 class=\"wp-block-heading\"><strong><a href=\"https:\/\/sds.mt\/mt\/programmes\/journeying-together\/\">Journeying Together session<\/a><\/strong><\/h3>\n\n\n<p><\/p>\n\n\t\t\t<\/td>\n\t\t\n\t\t\n\t\t\t<td class=\"smaller\">\n\t\t\t\t\n<figure class=\"wp-block-image tb-image tb-image-dynamic\" data-toolset-blocks-image=\"4237204bb0f2388c8cd0daeb4e0ed893\"><a href=\"https:\/\/sds.mt\/mt\/programmes\/prayer-spaces\/\"><img loading=\"lazy\" loading=\"lazy\" loading=\"lazy\" decoding=\"async\" width=\"1702\" height=\"1489\" loading=\"lazy\" src=\"https:\/\/sds.mt\/wp-content\/uploads\/2023\/08\/Prayer-Spaces-Malta-Color.png\" alt=\"\" class=\"wp-image-150095\" srcset=\"https:\/\/sds.mt\/wp-content\/uploads\/2023\/08\/Prayer-Spaces-Malta-Color.png 1702w, https:\/\/sds.mt\/wp-content\/uploads\/2023\/08\/Prayer-Spaces-Malta-Color-300x262.png 300w, https:\/\/sds.mt\/wp-content\/uploads\/2023\/08\/Prayer-Spaces-Malta-Color-1024x896.png 1024w, https:\/\/sds.mt\/wp-content\/uploads\/2023\/08\/Prayer-Spaces-Malta-Color-768x672.png 768w, https:\/\/sds.mt\/wp-content\/uploads\/2023\/08\/Prayer-Spaces-Malta-Color-1536x1344.png 1536w, https:\/\/sds.mt\/wp-content\/uploads\/2023\/08\/Prayer-Spaces-Malta-Color-640x560.png 640w, https:\/\/sds.mt\/wp-content\/uploads\/2023\/08\/Prayer-Spaces-Malta-Color-800x700.png 800w, https:\/\/sds.mt\/wp-content\/uploads\/2023\/08\/Prayer-Spaces-Malta-Color-1200x1050.png 1200w\" sizes=\"auto, (max-width: 1702px) 100vw, 1702px\" \/><\/a><\/figure>\n\n\n\n<h3 class=\"wp-block-heading\"><strong><a href=\"https:\/\/sds.mt\/mt\/programmes\/prayer-spaces\/\">Prayer Spaces<\/a><\/strong><\/h3>\n\n\n<p><\/p>\n\n\t\t\t<\/td>\n\t\t<\/tr>\n\t\t\n\t<\/table>\n\t\n\t\n\t\n<\/div>\n\n\n\n\n<h5 class=\"wp-block-heading\">Explore more <a rel=\"noreferrer noopener\" href=\"https:\/\/sds.mt\/programmes\/\" target=\"_blank\">Programmes<\/a><\/h5>\n","protected":false},"excerpt":{"rendered":"<\/p>\n<p>       \ud83d\udc93 Mis-Serje WHOLESOME \u2013 B\u2019QALBEK KOLLHA: MIMLIJA U MFAWRA  L-istorja tal-Mara bil-Vazett tal-Alabastru    <a class=\"tb-button__link\" href=\"https:\/\/maltadiocese.sharepoint.com\/:p:\/s\/AoMPublic\/IQDdrVDCMf5DQb7LnhFdUwvSATWrnAtC33glfDZy5ZQBhWw?e=GKLt8o&amp;download=1\"><i class=\"tb-button__icon\"><\/i> Presentazzjoni<\/a>    <a class=\"tb-button__link\" href=\"https:\/\/maltadiocese.sharepoint.com\/:b:\/s\/AoMPublic\/EVl9x8lJ7PxLvDzYhtUieT4B_6u0hKtlbBq3Y08A50cIIw?e=KafAuh&amp;download=1\"><i class=\"tb-button__icon\"><\/i> Storja<\/a>    \ud83d\udc49&nbsp; G\u0127an  <\/p>\n<p>It-tfal se jitg\u0127allmu kif \u0120es\u00f9 wera m\u0127abba u ma\u0127fra kbira, u kif il-mara fl-istorja \u0127abbitu lura b\u2019mod profond. Li huma wkoll jistg\u0127u matul \u0127ajjithom, jkunu ta\u2019 qalb tajba billi ja\u0127fru lil o\u0127rajn.&nbsp;<\/p>\n<p> \ud83d\udfe6&nbsp; Introduzzjoni (2 minuti)  <\/p>\n<p>L-g\u0127odwa t-tajba, kul\u0127add! &#8230;<\/p>\n<p> <a href=\"https:\/\/sds.mt\/mt\/wholesome-bqalbek-kollha\/\">Kompli aqra&#160;&raquo;<\/a><\/p>\n","protected":false},"author":2,"featured_media":232124,"comment_status":"closed","ping_status":"closed","sticky":false,"template":"","format":"standard","meta":{"footnotes":""},"categories":[437],"tags":[],"class_list":["post-232280","post","type-post","status-publish","format-standard","has-post-thumbnail","hentry","category-wholesome-25-26-mt"],"toolset-meta":{"custom-fields":{"subtitle":{"type":"textfield","raw":""}}},"_links":{"self":[{"href":"https:\/\/sds.mt\/mt\/wp-json\/wp\/v2\/posts\/232280","targetHints":{"allow":["GET"]}}],"collection":[{"href":"https:\/\/sds.mt\/mt\/wp-json\/wp\/v2\/posts"}],"about":[{"href":"https:\/\/sds.mt\/mt\/wp-json\/wp\/v2\/types\/post"}],"author":[{"embeddable":true,"href":"https:\/\/sds.mt\/mt\/wp-json\/wp\/v2\/users\/2"}],"replies":[{"embeddable":true,"href":"https:\/\/sds.mt\/mt\/wp-json\/wp\/v2\/comments?post=232280"}],"version-history":[{"count":11,"href":"https:\/\/sds.mt\/mt\/wp-json\/wp\/v2\/posts\/232280\/revisions"}],"predecessor-version":[{"id":234229,"href":"https:\/\/sds.mt\/mt\/wp-json\/wp\/v2\/posts\/232280\/revisions\/234229"}],"wp:featuredmedia":[{"embeddable":true,"href":"https:\/\/sds.mt\/mt\/wp-json\/wp\/v2\/media\/232124"}],"wp:attachment":[{"href":"https:\/\/sds.mt\/mt\/wp-json\/wp\/v2\/media?parent=232280"}],"wp:term":[{"taxonomy":"category","embeddable":true,"href":"https:\/\/sds.mt\/mt\/wp-json\/wp\/v2\/categories?post=232280"},{"taxonomy":"post_tag","embeddable":true,"href":"https:\/\/sds.mt\/mt\/wp-json\/wp\/v2\/tags?post=232280"}],"curies":[{"name":"wp","href":"https:\/\/api.w.org\/{rel}","templated":true}]}}