{"id":232278,"date":"2025-09-15T10:26:38","date_gmt":"2025-09-15T08:26:38","guid":{"rendered":"https:\/\/sds.mt\/?p=232278"},"modified":"2025-09-19T12:56:01","modified_gmt":"2025-09-19T10:56:01","slug":"wholesome-bruhek-kollha","status":"publish","type":"post","link":"https:\/\/sds.mt\/mt\/wholesome-bruhek-kollha\/","title":{"rendered":"Wholesome: B&#8217;Ru\u0127ek Kollha"},"content":{"rendered":"<style>.kt-tabs-id232278_167d45-fa > .kt-tabs-content-wrap > .wp-block-kadence-tab{border-top:1px solid #dee2e6;border-right:1px solid #dee2e6;border-bottom:1px solid #dee2e6;border-left:1px solid #dee2e6;border-top-left-radius:0px;border-top-right-radius:0px;border-bottom-right-radius:0px;border-bottom-left-radius:0px;padding-top:var(--global-kb-spacing-sm, 1.5rem);padding-right:var(--global-kb-spacing-sm, 1.5rem);padding-bottom:var(--global-kb-spacing-sm, 1.5rem);padding-left:var(--global-kb-spacing-sm, 1.5rem);}.wp-block-kadence-tabs .kt-tabs-id232278_167d45-fa > .kt-tabs-title-list li:last-child{margin-right:0px;}.wp-block-kadence-tabs .kt-tabs-id232278_167d45-fa > .kt-tabs-title-list li .kt-tab-title, .wp-block-kadence-tabs .kt-tabs-id232278_167d45-fa > .kt-tabs-content-wrap > .kt-tabs-accordion-title .kt-tab-title{font-weight:regular;font-style:normal;border-color:#cecece;color:#5a5c5d;background:#eeeeee;}.wp-block-kadence-tabs .kt-tabs-id232278_167d45-fa > .kt-tabs-title-list li .kt-tab-title:hover, .wp-block-kadence-tabs .kt-tabs-id232278_167d45-fa > .kt-tabs-content-wrap > .kt-tabs-accordion-title .kt-tab-title:hover{border-color:#eeeeee;color:#5a5c5d;background:#ffffff;}.wp-block-kadence-tabs .kt-tabs-id232278_167d45-fa > .kt-tabs-title-list li.kt-tab-title-active .kt-tab-title, .wp-block-kadence-tabs .kt-tabs-id232278_167d45-fa > .kt-tabs-content-wrap > .kt-tabs-accordion-title.kt-tab-title-active .kt-tab-title{border-color:#b63229;color:#ffffff;background:#c64239;}@media all and (max-width: 1024px){.kt-tabs-id232278_167d45-fa > .kt-tabs-content-wrap > .wp-block-kadence-tab{border-top:1px solid #dee2e6;border-right:1px solid #dee2e6;border-bottom:1px solid #dee2e6;border-left:1px solid #dee2e6;}}@media all and (max-width: 767px){.kt-tabs-id232278_167d45-fa > .kt-tabs-content-wrap > .wp-block-kadence-tab{border-top:1px solid #dee2e6;border-right:1px solid #dee2e6;border-bottom:1px solid #dee2e6;border-left:1px solid #dee2e6;}}<\/style>\n<div class=\"wp-block-kadence-tabs alignnone\"><div class=\"kt-tabs-wrap kt-tabs-id232278_167d45-fa kt-tabs-has-3-tabs kt-active-tab-1 kt-tabs-layout-tabs kt-tabs-tablet-layout-inherit kt-tabs-mobile-layout-inherit kt-tab-alignment-left \"><ul class=\"kt-tabs-title-list\"><li id=\"tab-sninbikrin\" class=\"kt-title-item kt-title-item-1 kt-tabs-svg-show-always kt-tabs-icon-side-right kt-tab-title-active\"><a href=\"#tab-sninbikrin\" data-tab=\"1\" class=\"kt-tab-title kt-tab-title-1 \"><span class=\"kt-title-text\">Snin Bikrin<\/span><\/a><\/li><li id=\"tab-primarja\" class=\"kt-title-item kt-title-item-2 kt-tabs-svg-show-always kt-tabs-icon-side-right kt-tab-title-inactive\"><a href=\"#tab-primarja\" data-tab=\"2\" class=\"kt-tab-title kt-tab-title-2 \"><span class=\"kt-title-text\">Primarja<\/span><\/a><\/li><li id=\"tab-medjausekondarja\" class=\"kt-title-item kt-title-item-3 kt-tabs-svg-show-always kt-tabs-icon-side-right kt-tab-title-inactive\"><a href=\"#tab-medjausekondarja\" data-tab=\"3\" class=\"kt-tab-title kt-tab-title-3 \"><span class=\"kt-title-text\">Medja u Sekondarja<\/span><\/a><\/li><\/ul><div class=\"kt-tabs-content-wrap\">\n<div class=\"wp-block-kadence-tab kt-tab-inner-content kt-inner-tab-1 kt-inner-tabffdd1f-11\"><div class=\"kt-tab-inner-content-inner\">\n<h5 class=\"wp-block-heading\"><strong>\ud83d\udd25<\/strong><strong> MIS-SERJE <em>WHOLESOME<\/em><\/strong>: <strong>&nbsp;B\u2019RU\u0126EK KOLLHA IMDAWWLA U FFUKATA<\/strong><\/h5>\n\n\n\n<h5 class=\"wp-block-heading\"><em>L-istorja ta\u2019 Bartimew l-ag\u0127ma (Mark10:46-52)<\/em><\/h5>\n\n\n\n<div class=\"wp-block-columns is-layout-flex wp-container-core-columns-is-layout-9d6595d7 wp-block-columns-is-layout-flex\">\n<div class=\"wp-block-column is-layout-flow wp-block-column-is-layout-flow\">\n<div class=\"tb-button\" data-toolset-blocks-button=\"487ac60fecc1658bfd4ac47106ba625a\"><a class=\"tb-button__link\" href=\"https:\/\/maltadiocese.sharepoint.com\/:p:\/s\/AoMPublic\/EXJfCSOdeYhCqUgxxjuFkDsBz4-O_9r0k4QvFUGU-nnefQ?e=PA1MBo&amp;download=1\"><i class=\"tb-button__icon\"><\/i><span class=\"tb-button__content\"> Pre\u017centazzjoni<\/span><\/a><\/div>\n<\/div>\n\n\n\n<div class=\"wp-block-column is-layout-flow wp-block-column-is-layout-flow\">\n<div class=\"tb-button\" data-toolset-blocks-button=\"5073721e767caa690f5cda62715b62fe\"><a class=\"tb-button__link\" href=\"https:\/\/maltadiocese.sharepoint.com\/:b:\/s\/AoMPublic\/EVpyCV9lLIRBk-vxo31wk-gBDkfDgb_mi0-hd0CiQvrZcQ?e=Er5cMP&amp;download=1\"><i class=\"tb-button__icon\"><\/i><span class=\"tb-button__content\"> Storja<\/span><\/a><\/div>\n<\/div>\n<\/div>\n\n\n\n<h4 class=\"wp-block-heading\"><strong>\ud83d\udc49<\/strong><strong> G\u0127an<\/strong><\/h4>\n\n\n\n<p>L-istudenti jkunu jistg\u0127u jifhmu li \u0120es\u00f9 j\u0127obb lil kul\u0127add, spe\u010bjalment lil dawk li jkunu mdejqin jew g\u0127andhom b\u017conn l-g\u0127ajnuna, u li dejjem nistg\u0127u nitkellmu ma\u2019 \u0120es\u00f9&nbsp; fit-talb. Barra minn hekk, jitg\u0127allmu wkoll li nistg\u0127u ng\u0127inu lil o\u0127rajn jersqu aktar lejn l-im\u0127abba ta\u2019 \u0120es\u00f9 .<\/p>\n\n\n\n<h4 class=\"wp-block-heading\"><strong>\ud83d\udfe6<\/strong><strong> Introduzzjoni (2 minuti)<\/strong><\/h4>\n\n\n\n<p>Bon\u0121u g\u0127e\u017cie\u017c \u0127bieb! Kif intom illum? Illum se nisimg\u0127u storja spe\u010bjali \u0127afna dwar \u0120es\u00f9&nbsp; u ra\u0121el li ma setax jara. Hija storja li turi kif \u0120es\u00f9&nbsp; jg\u0127inna meta nistaqsuh, u kemm Hu j\u0127obbna! Lesti biex tift\u0127u widnejkom u tisimg\u0127u?<\/p>\n\n\n\n<h4 class=\"wp-block-heading\"><strong>\ud83d\udcd6<\/strong><strong> Storja (5 minuti)<\/strong>:<\/h4>\n\n\n\n<p>L-istorja ta\u2019 Bartimew l-ag\u0127ma (Mark10:46-52)<\/p>\n\n\n\n<ul class=\"wp-block-list\">\n<li>Araw l-filmat tal-istorja flimkien jew anima l-istorja inti billi taqra l-istorja&nbsp; adattata g\u0127at-tfal u ssegwi l-PowerPoint (slajds 4-13).<\/li>\n\n\n\n<li>Wara stieden lill-istudenti jg\u0127idu l-istorja fi kliemhom stess.<\/li>\n<\/ul>\n\n\n\n<figure class=\"wp-block-embed is-type-video is-provider-youtube wp-block-embed-youtube wp-embed-aspect-16-9 wp-has-aspect-ratio\"><div class=\"wp-block-embed__wrapper\">\n<iframe title=\"Jesus heals blind Bartimaeus (Mark 10:46-52)\" width=\"800\" height=\"450\" src=\"https:\/\/www.youtube.com\/embed\/QBx_Fuuai5c?feature=oembed\" frameborder=\"0\" allow=\"accelerometer; autoplay; clipboard-write; encrypted-media; gyroscope; picture-in-picture; web-share\" referrerpolicy=\"strict-origin-when-cross-origin\" allowfullscreen><\/iframe>\n<\/div><\/figure>\n\n\n\n<h4 class=\"wp-block-heading\"><strong>\ud83d\udfe6<\/strong><strong> Diskussjoni qasira<\/strong><\/h4>\n\n\n\n<ol start=\"1\" class=\"wp-block-list\">\n<li><strong>X\u2019 kienet il-problema kbira ta\u2019 Bartimew ?<\/strong><br>Bartimew&nbsp; kien ag\u0127ma u ma setax jara.<\/li>\n\n\n\n<li><strong>X\u2019g\u0127amel Bartimew&nbsp; meta sema\u2019 lil \u0120es\u00f9&nbsp; \u0121ej?<\/strong><br>Beda jg\u0127ajjat: <em>\u201c\u0120es\u00f9 ! Bin David &#8211; Ikollok \u0127niena minni!\u201d<\/em> u baqa\u2019 jg\u0127ajjat anke meta n-nies qalulu biex jieqaf.<\/li>\n\n\n\n<li><strong>X\u2019 g\u0127amel \u0120es\u00f9&nbsp; g\u0127al Bartimew ? U dan x\u2019jg\u0127idilna dwar \u0120es\u00f9 ?<\/strong><br>\u0120es\u00f9&nbsp; waqaf, sejja\u0127 lil Bartimew&nbsp; u fejqu biex jer\u0121a\u2019 jara. Dan jg\u0127allimna li \u0120es\u00f9&nbsp; g\u0127andu qalb tajba, jisma\u2019 lil kull wie\u0127ed u wa\u0127da minna, u jrid jg\u0127inna meta nift\u0127u qalbna u nistaqsuh.<\/li>\n<\/ol>\n\n\n\n<h4 class=\"wp-block-heading\"><strong>\ud83d\udfe6<\/strong><strong> Attivitajiet Interattivi u Riflettivi<\/strong><\/h4>\n\n\n\n<p><strong>\ud83d\udc42<\/strong><strong> Attivit\u00e0 1 \u2013 Il-Log\u0127ba tas-Smig\u0127: \u201cSegwi l-Vu\u010bi\u201d<\/strong><\/p>\n\n\n\n<p><strong>G\u0127an<\/strong><br>L-istudenti jesperjenzaw kif t\u0127ossok meta ma tkunx tista\u2019 tara u jkollok tiddependi fuq is-smig\u0127 minflok fuq il-vista, biex jifhmu a\u0127jar kif Bartimaeus sema\u2019 bil-qalb g\u0127al-le\u0127en ta\u2019 \u0120es\u00f9 .&nbsp; Ifakkruhom kemm hu importanti li nisimg\u0127u bil-widnejn u bil-qalb tag\u0127na.<\/p>\n\n\n\n<p><strong>Materjali<\/strong><\/p>\n\n\n\n<ul class=\"wp-block-list\">\n<li>Xalpi jew bi\u010b\u010biet ta\u2019 drapp biex jg\u0127attu l-g\u0127ajnejn.<\/li>\n\n\n\n<li>Qanpiena \u017cg\u0127ira g\u0127all-g\u0127alliem\/a.<\/li>\n<\/ul>\n\n\n\n<p><strong>Istruzzjonijiet<\/strong><\/p>\n\n\n\n<ul class=\"wp-block-list\">\n<li>It-tfal ju\u017caw id-drapp biex jorbtu g\u0127ajnejhom u hekk ma jarawx.<\/li>\n\n\n\n<li>L-g\u0127alliem ipespes bil-mod istruzzjonijiet sempli\u010bi (e\u017c. \u010baqilqu r-ras, ippuntaw \u2018l fuq, \u010baqilqu s-saqajn) u t-tfal isegwu billi jisimg\u0127u b\u2019attenzjoni.<\/li>\n\n\n\n<li>(Jekk trid) L-g\u0127alliem idoqq qanpiena u t-tfal jippuntaw fid-direzzjoni tal-\u0127oss.<\/li>\n\n\n\n<li>Wara ftit dawriet, it-tfal jer\u0121g\u0127u jift\u0127u g\u0127ajnejhom.<\/li>\n<\/ul>\n\n\n\n<p><strong>Riflessjoni:<\/strong> Iddisskuti dan mag\u0127hom:<\/p>\n\n\n\n<ul class=\"wp-block-list\">\n<li>Kien fa\u010bli jew diffi\u010bli li tag\u0127raf minn fejn \u0121ej il-le\u0127en meta ma stajtx tara?<\/li>\n\n\n\n<li>Kemm kien importanti li tisma\u2019 b\u2019attenzjoni?<\/li>\n<\/ul>\n\n\n\n<p>Spjega: Bartimew&nbsp; ma setax jara, imma sema\u2019 b\u2019attenzjoni kbira l-vu\u010bi ta\u2019 \u0120es\u00f9 . U \u0120es\u00f9&nbsp; sema\u2019 lilu wkoll! B\u0127alma intom smajtu lili, nistg\u0127u nisimg\u0127u wkoll lil \u0120es\u00f9&nbsp; f\u2019qalbna.<\/p>\n\n\n\n<p>Din l-attivit\u00e0 tg\u0127in lit-tfal jifhmu a\u0127jar kemm hu diffi\u010bli meta ma tara xejn, i\u017cda wkoll kemm hu importanti li nisimg\u0127u bil-qalb u b\u2019kon\u010bentrazzjoni.<\/p>\n\n\n\n<p><strong><em>Jekk g\u0127andek iktar \u0127in tista\u2019 tag\u0127mel din l-attivit\u00e0 ukoll.<\/em><\/strong><\/p>\n\n\n\n<h4 class=\"wp-block-heading\"><strong>\ud83d\udc50<\/strong><strong> Attivit\u00e0 2 \u2013 Katina ta\u2019 Idejn li Jg\u0127inu<\/strong><\/h4>\n\n\n\n<p><strong>G\u0127an:<\/strong> L-importanza tad-dixxipulat u l-g\u0127ajnuna lil \u0127addie\u0127or<\/p>\n\n\n\n<p>Din l-attivit\u00e0 tfakkar fir-rwol tad-dixxipli li wasslu lil Bartimew&nbsp; g\u0127and \u0120es\u00f9, u tenfasizza kemm hu importanti li ng\u0127inu lil xulxin.<\/p>\n\n\n\n<p><strong>Istruzzjonijiet:<\/strong><\/p>\n\n\n\n<ul class=\"wp-block-list\">\n<li>It-tfal joqog\u0127du f\u2019linja j\u017commu idejn xulxin \u2013 l-ewwel wie\u0127ed hu \u201c\u0120es\u00f9\u201d (joqg\u0127od wieqaf) u l-a\u0127\u0127ar hu \u201cBartimew\u201d (g\u0127ajnejh mag\u0127luqa jew mg\u0127ammad).<\/li>\n\n\n\n<li>\u201c\u0120es\u00f9\u201d jsejja\u0127 lil Bartimew, u t-tfal fil-katina ji\u0121bduh u jiggwidawh bil-mod \u2019il quddiem lejn \u0120es\u00f9.<\/li>\n\n\n\n<li>Spjega li kul\u0127add fil-katina qed jg\u0127in lil Bartimew jasal g\u0127and \u0120es\u00f9.<\/li>\n\n\n\n<li>Irrepeti l-attivit\u00e0 b\u2019tfal differenti b\u0127ala \u201c\u0120es\u00f9\u201d u \u201cBartimew.\u201d<\/li>\n<\/ul>\n\n\n\n<p><strong>Riflessjoni:<\/strong><br>Itlob lit-tfal jitkellmu fuq kif \u0127assewhom meta kienu parti mill-katina tal-g\u0127ajnuna; u kif \u0127assewhom meta kienu \u201cBartimew \u201d u s\u0127abhom g\u0127enuhom jaslu sa \u0120es\u00f9.<\/p>\n\n\n\n<p>Spjega: <em>B\u0127alma l-\u0127bieb ta\u2019 \u0120es\u00f9&nbsp; g\u0127enu lil Bartimew&nbsp; jasal \u0127dejh, a\u0127na wkoll nistg\u0127u nkunu l-idejn li jg\u0127inu lil \u0120es\u00f9 . Nistg\u0127u ng\u0127inu lill-\u0127bieb u lill-familja tag\u0127na meta jkollhom b\u017conn, u nressquhom eqreb lejn l-im\u0127abba ta\u2019 \u0120es\u00f9 .<\/em><\/p>\n\n\n\n<h4 class=\"wp-block-heading\"><strong>\ud83d\udfe6<\/strong><strong> Konklu\u017cjoni<\/strong><\/h4>\n\n\n\n<p>\u0126adt gost b\u2019din l-istorja? Liema parti g\u0127o\u0121bitek l-iktar u g\u0127aliex?<\/p>\n\n\n\n<p>Illum tg\u0127allimna li \u0120es\u00f9&nbsp; j\u0127obbna \u0127afna u dejjem jismag\u0127na meta nitkellmu mieg\u0127u \u2013 anke meta nkunu mdejqin jew ikollna b\u017conn l-g\u0127ajnuna. B\u0127al Bartimew , nistg\u0127u nitolbu lil \u0120es\u00f9&nbsp; bil-fidu\u010bja, u Hu se jisma\u2019 u jg\u0127inna.<\/p>\n\n\n\n<p>\ud83d\ude4f<strong> Talb: <\/strong><em>O \u0120es\u00f9, grazzi talli dejjem tismag\u0127na. G\u0127inna naraw lil dawk ta\u2019 madwarna meta jkollhom b\u017conn l-g\u0127ajnuna, biex a\u0127na nkunu l-idejn tieg\u0127ek li jg\u0127inuhom ukoll. Ammen.<\/em><\/p>\n<\/div><\/div>\n\n\n\n<div class=\"wp-block-kadence-tab kt-tab-inner-content kt-inner-tab-2 kt-inner-tab2a7901-9c\"><div class=\"kt-tab-inner-content-inner\">\n<h5 class=\"wp-block-heading\"><strong>\ud83d\udd25<\/strong><strong> MIS-SERJE WHOLESOME<\/strong>: <strong>&nbsp;B\u2019RU\u0126EK KOLLHA: IMDAWWLA U FFUKATA<\/strong><\/h5>\n\n\n\n<h5 class=\"wp-block-heading\"><em>L-istorja ta\u2019 Bartimew l-ag\u0127ma (Mark10:46-52)<\/em><\/h5>\n\n\n\n<div class=\"wp-block-columns is-layout-flex wp-container-core-columns-is-layout-9d6595d7 wp-block-columns-is-layout-flex\">\n<div class=\"wp-block-column is-layout-flow wp-block-column-is-layout-flow\">\n<div class=\"tb-button\" data-toolset-blocks-button=\"f9f45e9660d4287677edc068a9bcf03f\"><a class=\"tb-button__link\" href=\"https:\/\/maltadiocese.sharepoint.com\/:p:\/s\/AoMPublic\/EVniD_hYhGlNuhrHts1EliABf08xfCikV3WHUh1uytM96w?e=fYjo6g&amp;download=1\"><i class=\"tb-button__icon\"><\/i><span class=\"tb-button__content\"> Pre\u017centazzjoni<\/span><\/a><\/div>\n<\/div>\n\n\n\n<div class=\"wp-block-column is-layout-flow wp-block-column-is-layout-flow\">\n<div class=\"tb-button\" data-toolset-blocks-button=\"d86fff2196da1d1fdbc9334efa05dafc\"><a class=\"tb-button__link\" href=\"https:\/\/maltadiocese.sharepoint.com\/:b:\/s\/AoMPublic\/EVpyCV9lLIRBk-vxo31wk-gBDkfDgb_mi0-hd0CiQvrZcQ?e=Er5cMP&amp;download=1\"><i class=\"tb-button__icon\"><\/i><span class=\"tb-button__content\">Storja<\/span><\/a><\/div>\n<\/div>\n<\/div>\n\n\n\n<h4 class=\"wp-block-heading\"><strong>\ud83d\udc49<\/strong><strong> G\u0127an<\/strong><\/h4>\n\n\n\n<p>L-istudenti se jkunu jistg\u0127u jifhmu li \u0120es\u00f9 jie\u0127u \u0127sieb lil kul\u0127add, spe\u010bjalment lil min qed ibati jew iwe\u0121\u0121a\u2019. Se jitg\u0127allmu wkoll li nistg\u0127u dejjem nitolbu l-g\u0127ajnuna ta\u2019 \u0120es\u00f9 bil-fidi u l-perseveranza.<\/p>\n\n\n\n<h4 class=\"wp-block-heading\"><strong>\ud83d\udfe6<\/strong><strong> Introduzzjoni (2 minuti)<\/strong><\/h4>\n\n\n\n<ul class=\"wp-block-list\">\n<li>L-g\u0127odwa t-tajba, kul\u0127add! Ejja nibdew flimkien billi nroddu s-sinjal tas-salib u nirringrazzjaw lil Alla g\u0127ad-don ta\u2019 dan il-jum sabi\u0127.<\/li>\n\n\n\n<li>Illum se nisimg\u0127u storja mill-isba\u0127 dwar \u0120es\u00f9 u ra\u0121el li kien verament fil-b\u017conn tal-g\u0127ajnuna tieg\u0127u. Din l-istorja tg\u0127allimna dwar kif nistg\u0127u naraw, nistaqsu u nemmnu.<\/li>\n\n\n\n<li>Ejja nisimg\u0127u b\u2019attenzjoni x\u2019\u0121ara!<\/li>\n<\/ul>\n\n\n\n<h4 class=\"wp-block-heading\"><strong>\ud83d\udcd6 Storja (5 minuti)<\/strong><\/h4>\n\n\n\n<p>L-istorja ta\u2019 Bartimew l-ag\u0127ma (Mark10:46-52)<\/p>\n\n\n\n<ul class=\"wp-block-list\">\n<li>Araw l-filmat tal-istorja flimkien jew anima l-istorja inti billi taqra l-istorja&nbsp; adattata g\u0127at-tfal u ssegwi l-PowerPoint.<\/li>\n\n\n\n<li>Stieden lill-istudenti jg\u0127idu l-istorja fi kliemhom stess.<\/li>\n\n\n\n<li>Wara u\u017ca log\u0127ba interattiva biex i\u017c\u017comm l-attenzjoni u tag\u0127milhom aktar involuti qabel tibda d-diskussjoni.<\/li>\n<\/ul>\n\n\n\n<figure class=\"wp-block-embed is-type-video is-provider-youtube wp-block-embed-youtube wp-embed-aspect-16-9 wp-has-aspect-ratio\"><div class=\"wp-block-embed__wrapper\">\n<iframe title=\"Jesus heals blind Bartimaeus (Mark 10:46-52)\" width=\"800\" height=\"450\" src=\"https:\/\/www.youtube.com\/embed\/QBx_Fuuai5c?feature=oembed\" frameborder=\"0\" allow=\"accelerometer; autoplay; clipboard-write; encrypted-media; gyroscope; picture-in-picture; web-share\" referrerpolicy=\"strict-origin-when-cross-origin\" allowfullscreen><\/iframe>\n<\/div><\/figure>\n\n\n\n<h4 class=\"wp-block-heading\"><strong>\ud83d\udc42<\/strong><strong> Attivit\u00e0 Interattiva u Riflettiva \u2013 Mg\u0127ammad imma Nafda (10 minuti)<\/strong><\/h4>\n\n\n\n<p><strong>G\u0127an<\/strong><br>L-istudenti se jirrikonoxxu kemm hu diffi\u010bli xi kultant li nafdaw lil \u0127addie\u0127or. Madankollu, aktar ma nkunu nafu u nafdaw lill-persuna li qed tiggwidana, aktar inkunu lesti nsegwuha. L-istess ji\u0121ri fir-relazzjoni tag\u0127na ma\u2019 \u0120es\u00f9: aktar ma nkunu qrib tieg\u0127u, aktar inkunu lesti nafdawh.<\/p>\n\n\n\n<p><strong>Materjali:<\/strong> Xalla jew drapp artab tawwali&nbsp; biex tg\u0127atti l-g\u0127ajnejn (g\u0127al nofs il-klassi).<\/p>\n\n\n\n<p><strong>Istruzzjonijiet:<\/strong><\/p>\n\n\n\n<ul class=\"wp-block-list\">\n<li>It-tfal ju\u017caw id-drapp biex jorbtu g\u0127ajnejhom u hekk ma jarawx.<\/li>\n\n\n\n<li>L-g\u0127alliem ipespes bil-mod struzzjonijiet sempli\u010bi (e\u017c. \u010baqilqu r-ras, ippuntaw \u2018l fuq, \u010baqilqu s-saqajn) u t-tfal isegwu billi jisimg\u0127u b\u2019attenzjoni.<\/li>\n\n\n\n<li>(Jekk trid) L-g\u0127alliem idoqq qanpiena u t-tfal jippuntaw fid-direzzjoni tal-\u0127oss.<\/li>\n\n\n\n<li>Wara ftit dawriet, it-tfal jer\u0121g\u0127u jift\u0127u g\u0127ajnejhom.<\/li>\n<\/ul>\n\n\n\n<p><strong>Riflessjoni:<\/strong><br>Wara l-attivit\u00e0, iddiskutu flimkien:<\/p>\n\n\n\n<ul class=\"wp-block-list\">\n<li>Kif \u0127assejtek meta kont mg\u0127ammad?<\/li>\n\n\n\n<li>Kif \u0127assejtek meta kellek tafda lil sie\u0127bek biex jiggwidak?<\/li>\n\n\n\n<li>Kif ta\u0127seb li \u0127assu Bartimew meta ma setax jara?<\/li>\n\n\n\n<li>Kif wera li g\u0127andu fidu\u010bja f\u2019\u0120es\u00f9?<\/li>\n<\/ul>\n\n\n\n<p>Din l-attivit\u00e0 tg\u0127in lit-tfal jifhmu a\u0127jar l-esperjenza ta\u2019 Bartimew u l-importanza li jkollna <strong>fidu\u010bja s\u0127i\u0127a f\u2019Alla.<\/strong><\/p>\n\n\n\n<p><strong>(<\/strong>Jekk g\u0127andek iktar \u0127in, it-tfal jistg\u0127u l-ewwel jag\u0127mlu din l-esperjenza ma\u2019 xi \u0127add li ma tantx jafu, u wara ma\u2019 \u0127abib\/a tal-g\u0127a\u017cla tag\u0127hom sabiex jaraw u j\u0127ossu d-differenza. Jaraw kif tafda iktar lil xi \u0127add li di\u0121\u00e0 taf milli xi \u0127add li ma tantx taf. G\u0127alhekk iktar ma nsiru nafu lil \u0120es\u00f9 iktar ikunu lesti biex nafdawh.)<\/p>\n\n\n\n<h4 class=\"wp-block-heading\"><strong>\ud83d\udfe6<\/strong><strong> Diskussjoni dwar l-Istorja (10 min)<\/strong><\/h4>\n\n\n\n<p><strong>1. Min kien Bartimew u g\u0127aliex g\u0127ajjat lil \u0120es\u00f9?<\/strong><br>Bartimew kien ra\u0121el g\u0127ama li kien joqg\u0127od \u0127dejn it-triq jittallab g\u0127all-flus. Il-problema tieg\u0127u kienet li ma setax jara. B\u2019mod simboliku Bartimew b\u0127ala ag\u0127mi jirrappre\u017centa l-mumenti meta a\u0127na wkoll ikollna b\u017conn l-g\u0127ajnuna u l-gwida ta\u2019 Alla.<\/p>\n\n\n\n<p><strong>2. X\u2019g\u0127ajjat Bartimew, u g\u0127aliex g\u0127ajjat b\u2019le\u0127en g\u0127oli u b\u2019mod ripetut lil \u0120es\u00f9 biex ji\u0121i?<\/strong><br>Beda jg\u0127ajjat: <em>\u201c\u0120es\u00f9, Bin David, \u0127enn g\u0127alija!\u201d<\/em> G\u0127ajjat b\u2019perseveranza, anki meta \u0127afna ordnawh biex jiskot. Dan jenfasizza kemm hi importanti l-perseveranza fit-talb. L-g\u0127ajta ripetuta tieg\u0127u, g\u0127alkemm setg\u0127et tidher insistenti jew mhux xierqa, turi dik li l-Papa Fran\u0121isku sejja\u0127 \u201cl-imbierka persistenza\u201d. It-talb hu b\u0127al g\u0127ajta mill-qalb, spe\u010bjalment fl-aktar mumenti mudlama tag\u0127na.<\/p>\n\n\n\n<p><strong>3. X\u2019staqsa \u0120es\u00f9 lil Bartimew, u dan x\u2019jg\u0127idilna dwaru?<\/strong><br>\u0120es\u00f9 staqsieh: <em>\u201cXi tridni nag\u0127millek?\u201d<\/em> Dan juri li \u0120es\u00f9 jimpurtah minn kull wie\u0127ed u wa\u0127da minna b\u2019mod personali. Iridna nfissru l-b\u017connijiet tag\u0127na lilu, anke jekk Hu di\u0121\u00e0 jaf bihom.<\/p>\n\n\n\n<p><strong>4. \u0120es\u00f9 qal lil Bartimew: \u201cMur; il-fidi tieg\u0127ek fejqitek.\u201d Dan x\u2019jg\u0127allimna?<\/strong><br>Din l-istqarrija turi b\u2019mod \u010bar \u0127afna li l-fidi hija l-element de\u010bi\u017civ fil-fejqan. Il-fidi ta\u2019 Bartimew ma kinitx ibba\u017cata fuq g\u0127arfien teolo\u0121iku jew ideat \u010bari dwar Alla, imma fuq ix-xewqa kbira tieg\u0127u li jiltaqa\u2019 ma\u2019 \u0120es\u00f9 u jsalvah. Hu fada kompletament lilu nnifsu g\u0127all-azzjoni t\u2019Alla.<\/p>\n\n\n\n<p><strong>5. G\u0127aliex id-dixxipli injoraw lil Bartimew u sa\u0127ansitra qalulu biex joqg\u0127od kwiet? Dan x\u2019jg\u0127allimna fuqna?<\/strong><br>Id-dixxipli kienu tant imda\u0127\u0127lin fil-\u0127sibijiet u fil-problemi tag\u0127hom stess li ma ndunawx b\u2019min kien qed ibati \u0127dejhom. Dan ji\u0121ri wkoll lilna: xi kultant nitilfu l-kapa\u010bit\u00e0 li nisimg\u0127u u nempatizzaw ma\u2019 min hu fil-b\u017conn. \u0120es\u00f9, bil-maqlub, sema\u2019 l-g\u0127ajta ta\u2019 Bartimew u sa\u0127aq fuq l-importanza li j\u0121ibuh g\u0127andu. Hu jrid jg\u0127allimna li jekk irridu nimxu warajh, irridu wkoll nitg\u0127allmu nisimg\u0127u, in\u0127ossu u ng\u0127inu lil xulxin. \u0120es\u00f9 jridna nsalvaw lil xulxin.<\/p>\n\n\n\n<p><strong>6. Bartimew g\u0127amel tliet affarijiet importanti fl-istorja. Liema huma?<\/strong><\/p>\n\n\n\n<ul class=\"wp-block-list\">\n<li>Meta sema\u2019 lil \u0120es\u00f9 jsejja\u0127lu, <strong>tefa\u2019 minn fuqu l-mantar<\/strong> \u2013 \u0121est simboliku li juri li kien lest i\u0127alli warajh il-\u0127ajja ta\u2019 qabel biex jimxi wara \u0120es\u00f9.<\/li>\n\n\n\n<li>Qal lil \u0120es\u00f9 <strong>e\u017cattament xi xtaq<\/strong>: li jer\u0121a\u2019 jara. B\u2019\u0120es\u00f9 fil-\u0127ajja tieg\u0127u, Bartimew re\u0121a\u2019 sab il-milja u tifsira \u0121dida fil-\u0127ajja.<\/li>\n\n\n\n<li>Wara li \u0121ie mfejjaq, <strong>idde\u010bieda li jimxi wara \u0120es\u00f9<\/strong>. Minnu nitg\u0127allmu li meta \u0120es\u00f9 jg\u0127inna, g\u0127andna nkunu grati u nsegwuh billi ng\u0127ixu kif irid Hu u nag\u0127mlu l-\u0121id.<\/li>\n<\/ul>\n\n\n\n<h4 class=\"wp-block-heading\"><strong>\ud83d\udfe6<\/strong><strong> Konklu\u017cjoni (5 minuti)<\/strong><\/h4>\n\n\n\n<p>Illum tg\u0127allimna li \u0120es\u00f9 jimpurtah minn kul\u0127add, spe\u010bjalment minn min qed iwe\u0121\u0121a\u2019 jew jinsab fil-b\u017conn. Bartimew uriena li qatt m\u2019g\u0127andna naqtg\u0127u qalbna milli nitolbu lil \u0120es\u00f9 g\u0127all-g\u0127ajnuna, u li l-fidi tag\u0127na tista\u2019 twassal g\u0127all-affarijiet mill-isba\u0127. B\u0127al Bartimew, meta \u0120es\u00f9 jg\u0127inna, g\u0127andna nimxu warajh u ng\u0127ixu kif jg\u0127allimna Hu.<\/p>\n\n\n\n<p>\ud83d\ude4f<strong> Talba: <\/strong>O \u0120es\u00f9, grazzi talli t\u0127obbna u talli dejjem tismag\u0127na meta nitolbuk.<br>G\u0127inna biex ikollna fidi kbira b\u0127al Bartimew, u biex dejjem infittxuk meta jkollna b\u017conn l-g\u0127ajnuna.<br>G\u0127inna wkoll biex nindunaw u ng\u0127inu lil min hu mu\u0121ug\u0127 jew mitluf.<br>Ammen.<\/p>\n<\/div><\/div>\n\n\n\n<div class=\"wp-block-kadence-tab kt-tab-inner-content kt-inner-tab-3 kt-inner-tabae86b8-b1\"><div class=\"kt-tab-inner-content-inner\">\n<h5 class=\"wp-block-heading\"><strong>MIS-SERJE <em>WHOLESOME<\/em><\/strong><\/h5>\n\n\n\n<h4 class=\"wp-block-heading\"><strong>\ud83d\udd25<\/strong><strong> B\u2019RU\u0126EK KOLLHA: IMDAWWLA U FFUKATA<\/strong><\/h4>\n\n\n\n<h5 class=\"wp-block-heading\"><em>L-istorja ta\u2019 Bartimew l-ag\u0127ma (Mark10:46-52)<\/em><\/h5>\n\n\n\n<div class=\"wp-block-columns is-layout-flex wp-container-core-columns-is-layout-9d6595d7 wp-block-columns-is-layout-flex\">\n<div class=\"wp-block-column is-layout-flow wp-block-column-is-layout-flow\">\n<div class=\"tb-button\" data-toolset-blocks-button=\"7a86fd75b7bb6bcce70e674d30062102\"><a class=\"tb-button__link\" href=\"https:\/\/maltadiocese.sharepoint.com\/:p:\/s\/AoMPublic\/Ecv0f-XHAZ5PhfJjtNYOrrABWrLkbOkH2MqA5PPfjUZrPw?e=ymJCH6&amp;download=1\"><i class=\"tb-button__icon\"><\/i><span class=\"tb-button__content\"> Pre\u017centazzjoni g\u0127all-Med.<\/span><\/a><\/div>\n<\/div>\n\n\n\n<div class=\"wp-block-column is-layout-flow wp-block-column-is-layout-flow\">\n<div class=\"tb-button\" data-toolset-blocks-button=\"88090add40c87fcf227af80aee743906\"><a class=\"tb-button__link\" href=\"https:\/\/maltadiocese.sharepoint.com\/:p:\/s\/AoMPublic\/EdO1tuxu1WFEuUgSBKUeGDIBi13f5zSzB2aFkcO1zA79yA?e=pwYbfC&amp;download=1\"><i class=\"tb-button__icon\"><\/i><span class=\"tb-button__content\">Pre\u017centazzjoni g\u0127as-Sek.<\/span><\/a><\/div>\n<\/div>\n<\/div>\n\n\n\n<h5 class=\"wp-block-heading\">\ud83d\udfe6 <strong>INTRODUZZJONI (5 min.)<\/strong><\/h5>\n\n\n\n<h5 class=\"wp-block-heading\">1. <strong>Ftu\u0127<\/strong><\/h5>\n\n\n\n<ol class=\"wp-block-list\">\n<li><\/li>\n<\/ol>\n\n\n\n<ul class=\"wp-block-list\">\n<li>L-animatur jibda\u2019 billi jistaqsi:<\/li>\n<\/ul>\n\n\n\n<p>\ud83d\udc49 \u201cX\u2019ji\u0121i f\u2019mo\u0127\u0127ok meta tisma\u2019 l-kelma \u2018wholesome\u2019?\u201d<\/p>\n\n\n\n<ul class=\"wp-block-list\">\n<li>Ilqa\u2019 ftit risposni u fa\u0127\u0127ar il-kontribuzzjonijiet kollha.<\/li>\n<\/ul>\n\n\n\n<h5 class=\"wp-block-heading\"><strong>2. G\u0127aqqad mis-sensiela<\/strong><\/h5>\n\n\n\n<ul class=\"wp-block-list\">\n<li>Spjega li wholesome tfisser \u201cs\u0127i\u0127, komplut, imwettaq, jew integrat.\u201d<\/li>\n\n\n\n<li><strong>Wholesome: Sensiela ta\u2019 Stejjer<\/strong> tg\u0127ina nespjoru kif inkunu \u0127a\u0121a wa\u0127da:<\/li>\n<\/ul>\n\n\n\n<p>\ud83d\udc93 b\u2019Qalbna kollha<\/p>\n\n\n\n<p>\ud83e\udde0 b\u2019Mo\u0127\u0127na kollu<\/p>\n\n\n\n<p>\ud83d\udcaa\ud83c\udffc bil-Qawwa kollha (tal-\u0121isem)<\/p>\n\n\n\n<p>\ud83d\udd25 b\u2019Ru\u0127na kollha<\/p>\n\n\n\n<h5 class=\"wp-block-heading\">3. <strong>Ag\u0127ti kuntest<\/strong><\/h5>\n\n\n\n<ul class=\"wp-block-list\">\n<li>\u201cL-istorja tal-lum se tkellimna fuq <strong>ir-ru\u0127<\/strong> \u2013 x\u2019tifhem b\u2019ru\u0127 jew spirtu?\u201d<\/li>\n\n\n\n<li>\u201cPermezz tal-istorja ta\u2019 Bartimew l-g\u0127ama se naraw kif ir-ru\u0127 hija relatata ma\u2019 min a\u0127na \u2013 wkoll kif meta l-identit\u00e0 tag\u0127na ma tkunx \u010bara, tista\u2019 timblukkana milli nkomplu nsegwu l-iskop veru tal-\u0127ajja tag\u0127na. Qed insemmu din l-istorja: <strong>\u201cB\u2019ru\u0127ek kollha: imdawwla u orjentata.\u201d<\/strong><\/li>\n<\/ul>\n\n\n\n<h5 class=\"wp-block-heading\">\ud83d\udcd6 <strong>L-EWWEL QARI (Luqa 19:1\u201310) \u2013 Aqra l-qari kollu, jekk trid (5 min.):<\/strong><\/h5>\n\n\n\n<ul class=\"wp-block-list\">\n<li>L-Animatur jag\u0127mel is-Sinjal tas-Salib u jaqra l-passa\u0121\u0121 mill-bibbja jew skrin.<\/li>\n\n\n\n<li>Imbag\u0127ad jistaqsi:<\/li>\n\n\n\n<li>\u201c\u0120ieli kont smajt din l-istorja qabel?\u201d<\/li>\n\n\n\n<li>\u201cLaqtek xi \u0127a\u0121a minnha?\u201d<\/li>\n\n\n\n<li>Isma\u2019 ming\u0127ajr \u0121udizzju \u2013 dan huwa mument fejn niltaqg\u0127u mal-istudenti fejn jinsabu.<\/li>\n<\/ul>\n\n\n\n<h5 class=\"wp-block-heading\"><strong>Introdu\u010bi it-3 Punti Prin\u010bipali:<\/strong><\/h5>\n\n\n\n<ol class=\"wp-block-list\">\n<li><strong>Il-fidi tibda\u2019 mis-smig\u0127 <\/strong>\u2013 nirrikonoxxu l-importanza li nkunu nafu fuq Alla.<\/li>\n\n\n\n<li><strong>Laqg\u0127a li tnissel fehma u l-fidu\u010bja <\/strong>\u2013 nirrispondu b\u2019att ta\u2019 fidi personali. <\/li>\n\n\n\n<li><strong>Ru\u0127na tiddawwal u tiffoka mill-\u0121did \u2013 <\/strong>nikbru fil-fidi tag\u0127na filwaqt li ng\u0127aqqdu l-g\u0127anijiet tag\u0127na ma\u2019 ta\u2019 Alla.<\/li>\n<\/ol>\n\n\n\n<h5 class=\"wp-block-heading\">\ud83d\udfea <strong>PARTI 1<\/strong> <strong>(2 min.) &#8211; Aqra versi 46-48:<\/strong><\/h5>\n\n\n\n<h5 class=\"wp-block-heading\"><strong>IL-FIDI TIBDA\u2019 MIS-SMIG\u0126 &#8211;<\/strong> NIRRIKONOXXU L-IMPORTANZA LI NKUNU NAFU FUQ ALLA.<\/h5>\n\n\n\n<p><strong>Punti + Mistoqsijiet tal-Animatur:<\/strong><\/p>\n\n\n\n<ul class=\"wp-block-list\">\n<li><strong>Bartimew kien ag\u0127mi imma ma kienx trux!<\/strong><\/li>\n<\/ul>\n\n\n\n<p>A\u0127na ma narawhx lil \u0120es\u00f9 lanqas, imma b\u0127al Bart smajna bih u anke fuqu. Bart jirreferi g\u0127al \u0120es\u00f9 b\u0127ala Bin David. \ud83d\udc49 X\u2019taf int fuq \u0120es\u00f9?<\/p>\n\n\n\n<ul class=\"wp-block-list\">\n<li><strong>Bartimew kien tallab: lanqas isem m<\/strong><strong>\u2019<\/strong><strong>g\u0127andu <\/strong><strong>\u2013<\/strong><strong> x<\/strong><strong>\u2019<\/strong><strong>kunjomu u x<\/strong><strong>\u2019<\/strong><strong>inhi l-kundizzjoni tieg\u0127u biss nafu.<\/strong><\/li>\n<\/ul>\n\n\n\n<p>\ud83d\udc49 Int min tg\u0127id li int? Tidentifika aktar mad-diffikultajiet tieg\u0127ek aktar milli mal-\u0127iliet?<\/p>\n\n\n\n<ul class=\"wp-block-list\">\n<li><strong>\u201cBin David, ikollok \u0127niena minni\u201d \u2013 jekk jippruvaw isikktuh, Bart jista\u2019 wkoll jg\u0127ajjat.<\/strong><\/li>\n<\/ul>\n\n\n\n<p>\ud83d\udc49 A\u0127na nafu (hekk g\u0127allmuna) li Alla jista\u2019 jg\u0127ina u xejn ma jista\u2019 jwaqqafna milli nitlobuh. praying to him.<\/p>\n\n\n\n<h5 class=\"wp-block-heading\">\ud83d\ude48 <strong>Attivit\u00e0 \u2013 It-Talba ta\u2019 \u0120es\u00f9 (3 min.)<\/strong><\/h5>\n\n\n\n<ul class=\"wp-block-list\">\n<li>Itfa ftit mu\u017cika instrumentali bxxa fl-isfond.<\/li>\n\n\n\n<li>Stieden lill-istudenti biex <strong>jag\u0127lqu g\u0127ajnejhom<\/strong> u <strong>jift\u0127u g\u0127ajnejhom.<\/strong><\/li>\n\n\n\n<li>Issu\u0121\u0121erixxi li <strong>spiritwalment<\/strong> a\u0127na kemm g\u0127omja \u2013 g\u0127ax ma nafux bi\u017cejjed \u2013 u tallaba \u2013 g\u0127ax m\u2019g\u0127andniex kollox.<\/li>\n\n\n\n<li>Fakkarhom li g\u0127alkemm ma narawhx, a\u0127na nisimg\u0127uh lil \u0120es\u00f9 u nistg\u0127u ukoll nitolbuh: <strong>\u201c\u0120es\u00f9 jkollok \u0127niena minni\u201d<\/strong> jew <strong>\u201cg\u0127ini.\u201d<\/strong><\/li>\n<\/ul>\n\n\n\n<h5 class=\"wp-block-heading\">\ud83d\udfe8 <strong>PARTI 2<\/strong> <strong>(2 min.) &#8211; Aqra versi 49-50:<\/strong><\/h5>\n\n\n\n<p><strong> <\/strong><\/p>\n\n\n\n<h5 class=\"wp-block-heading\"><strong>LAQG\u0126A LI TNISSEL FEHMA U L-FIDU\u010aJA &#8211;<\/strong> NIRRISPONDU B\u2019ATT TA\u2019 FIDI PERSONALI<\/h5>\n\n\n\n<p><strong>Punti + Mistoqsijiet tal-Animatur:<\/strong><\/p>\n\n\n\n<ul class=\"wp-block-list\">\n<li><strong>\u0120es\u00f9 mhux passiv quddiem il-b\u017connijiet ta\u2019 Bart: jieqaf u \u201cjsejja\u0127lu.\u201d<\/strong><\/li>\n<\/ul>\n\n\n\n<p><em>Stramba li jag\u0127mel dan permezz ta<\/em><em>\u2019<\/em><em> l-istess nies li kienu qed isikktuh.<\/em><\/p>\n\n\n\n<p><em>\ud83d\udc49<\/em><em> Kif jista<\/em><em>\u2019<\/em><em> jkun li Alla qed jurik li hu interessat fil-b\u017connijiet tieg\u0127ek?<\/em><\/p>\n\n\n\n<p><em>Jista<\/em><em>\u2019<\/em><em> jkun <\/em><em>\u201c<\/em><em>jsejja\u0127lek<\/em><em>\u201d<\/em><em> anke permezz ta<\/em><em>\u2019<\/em><em> nies dg\u0127ajfa jew mezzi o\u0127ra li ma tistenniex &#8230;<\/em><\/p>\n\n\n\n<ul class=\"wp-block-list\">\n<li><strong>Bartimew itajjar il-mantar \u2013 kien kollox g\u0127alih, imma g\u0127a\u017cel lil \u0120es\u00f9 fuq kull sigurt\u00e0 falza.\u00a0 <\/strong><\/li>\n<\/ul>\n\n\n\n<p>\ud83d\udc49 <em>Alla jista\u2019 jsej\u0127ilna b\u2019\u0127afna modi &#8211; nistg\u0127u nisimg\u0127uh permezz ta\u2019 sitwazzjonijiet jew nies li ma nkunux qed nistennew.<\/em><\/p>\n\n\n\n<h5 class=\"wp-block-heading\"><strong>\u26d3\ufe0f\u200d<\/strong><strong>Attivit\u00e0 \u2013 <\/strong>Tajjar il-mantar (3 min.)<\/h5>\n\n\n\n<ul class=\"wp-block-list\">\n<li>Itfa ftit mu\u017cika instrumentali bxxa fl-isfond.<\/li>\n\n\n\n<li>Po\u0121\u0121i <strong>bi\u010b\u010ba drapp (jirrapre\u017centa l-mantar)<\/strong> imdaqsa mal-art.<\/li>\n\n\n\n<li>Stieden lill-istudenti sabiex ja\u0127sbu u jiktbu x\u2019inhi dik ix-<strong>xi \u0127a\u0121a li jduru lejha b\u2019mod vizzju\u017c<\/strong> g\u0127alkemm mhux tag\u0127milhom kuntenti.<\/li>\n\n\n\n<li>Itlobhom biex \u201cjag\u0127mlu l-qalb\u201d u jqumu biex jer\u0127u l-karta fuq id-drapp daqslikieku qed <strong>i\u010beduha lil Alla<\/strong>.<\/li>\n\n\n\n<li>Wara li jpo\u0121\u0121u l-karta, stedinhom joqg\u0127odu mument fis-skiet jew jisimg\u0127u mu\u017cika baxxa biex jirrikonoxxu dak li wettqu simbolikament.<\/li>\n<\/ul>\n\n\n\n<h5 class=\"wp-block-heading\">\ud83d\udfe9 <strong>PARTI 3<\/strong> (<strong>2 min.) &#8211; Aqra versi 51\u201352:<\/strong><\/h5>\n\n\n\n<h5 class=\"wp-block-heading\"><strong>RU\u0126NA TIDDAWWAL U TIFFOKA MILL-\u0120DID<\/strong> &#8211; NIKBRU FIL-FIDI TAG\u0126NA FILWAQT LI NG\u0126AQQDU L-G\u0126ANIJIET TAG\u0126NA MA\u2019 TA\u2019 ALLA.<\/h5>\n\n\n\n<p><strong>Punti + Mistoqsijiet tal-Animatur:<\/strong><\/p>\n\n\n\n<ul class=\"wp-block-list\">\n<li><strong>\u201cXi tridni nag\u0127millek?\u201d &#8211;&nbsp; mistoqsija stramba minn g\u0127and \u0120es\u00f9.<\/strong><\/li>\n<\/ul>\n\n\n\n<p>\ud83d\udc49 G\u0127aliex Alla jridna nitolbu jekk di\u0121a jaf x\u2019g\u0127andna b\u017conn?<\/p>\n\n\n\n<ul class=\"wp-block-list\">\n<li><strong>\u201cLi ner\u0121a nara, Rabbuni\u201d \u2013 talba \u0127ielsa u determinanti mir-ra\u0121el g\u0127ama, li ma riedx i\u0127ares lura.<\/strong><\/li>\n<\/ul>\n\n\n\n<p>\ud83d\udc49Din hija dik li nistg\u0127u nsej\u0127ula fidi-kbira, li ma nistg\u0127ux nipprodu\u010bu a\u0127na \u2013 hija rigal minn Alla, risposta g\u0127all-ispirazzjoni tieg\u0127u<em>. <\/em><em>&nbsp;<\/em><\/p>\n\n\n\n<ul class=\"wp-block-list\">\n<li><strong>\u201cMur &#8230; il-fidi tieg\u0127ek fejqitek\u201d <\/strong>\u2014 <strong>Bartimew ju\u017ca\u2019 l-libert\u00e0 tieg\u0127u biex baqa\u2019 miexi wara \u0120es\u00f9 \u201cwarajh fit-triq.\u201d<\/strong><\/li>\n<\/ul>\n\n\n\n<p>Il-fidi tag\u0127na forsi dg\u0127ajfa, imma Alla jibqa\u2019 Alla \u2013 jibqa\u2019 j\u0127obbna g\u0127ax hu Missierna, li jixtieq jg\u0127ati l-Ispirtu s-Santu lil dawk li jitolbuh.<\/p>\n\n\n\n<p>\ud83d\udc49 Kieku x\u2019tag\u0127mel int jekk Alla jwie\u0121eb it-talba tieg\u0127ek?<\/p>\n\n\n\n<h5 class=\"wp-block-heading\">\ud83d\udd6f\ufe0f <strong>Activity \u2013 Fidi kbira (3 min.)<\/strong><\/h5>\n\n\n\n<ul class=\"wp-block-list\">\n<li>L-istudenti ji\u0121u mg\u0127otija <strong>xemg\u0127a tal-batterija<\/strong>* kull wie\u0127ed u jkunu mitluba j\u017commuha mitfija g\u0127al bidu.<\/li>\n\n\n\n<li>Stiedinhom g\u0127al mument ta\u2019 skiet u iggwidahom biex ja\u0127sbu fuq il-mistoqsija: \u201cX\u2019inhu l-veru li nixtiequ jag\u0127mel Alla g\u0127alija?\u201d<\/li>\n\n\n\n<li>Ippreparahom biex jitolbu g\u0127al \u201cfidi kbira\u201d, hekk kif nippruvaw inwie\u0121bu: \u201cxi tridni nag\u0127millek?\u201d<\/li>\n\n\n\n<li>Stiedinhom sabiex ikantaw ma\u2019 \u201cBuild my life\u201d <a href=\"https:\/\/www.youtube.com\/watch?v=QZW4_8_zCBE&amp;list=RDQZW4_8_zCBE&amp;start_radio=1\">https:\/\/www.youtube.com\/watch?v=QZW4_8_zCBE&amp;list=RDQZW4_8_zCBE&amp;start_radio=1<\/a> u biex jixhelu x-xemg\u0127at (*alternattiva tkun li minn bilqieg\u0127da jqumu bilwieqfa b\u0127ala sinjal) fil-mument li jixtiequ, biex juru li g\u0127amlu <strong>t-talba tag\u0127hom lil Alla.<\/strong><\/li>\n<\/ul>\n<\/div><\/div>\n<\/div><\/div><\/div>\n\n\n\n<hr class=\"wp-block-separator has-alpha-channel-opacity\"\/>\n\n\n\n<h3 class=\"wp-block-heading\">Programmes<\/h3>\n\n\n\n\n\n\n<div id=\"wpv-view-layout-8611-CATTR46b6ae937d86f0f5f3a5ab5c67f11b37TCPID232278\" class=\"js-wpv-view-layout js-wpv-layout-responsive js-wpv-view-layout-8611-CATTR46b6ae937d86f0f5f3a5ab5c67f11b37TCPID232278\" data-viewnumber=\"8611-CATTR46b6ae937d86f0f5f3a5ab5c67f11b37TCPID232278\" data-pagination=\"{&quot;id&quot;:8611,&quot;query&quot;:&quot;normal&quot;,&quot;type&quot;:&quot;disabled&quot;,&quot;effect&quot;:&quot;fade&quot;,&quot;duration&quot;:500,&quot;speed&quot;:5,&quot;pause_on_hover&quot;:&quot;disabled&quot;,&quot;stop_rollover&quot;:&quot;false&quot;,&quot;cache_pages&quot;:&quot;enabled&quot;,&quot;preload_images&quot;:&quot;enabled&quot;,&quot;preload_pages&quot;:&quot;enabled&quot;,&quot;preload_reach&quot;:1,&quot;spinner&quot;:&quot;builtin&quot;,&quot;spinner_image&quot;:&quot;https:\/\/sds.mt\/wp-content\/plugins\/toolset-blocks\/embedded\/res\/img\/ajax-loader.gif&quot;,&quot;callback_next&quot;:&quot;&quot;,&quot;manage_history&quot;:&quot;enabled&quot;,&quot;has_controls_in_form&quot;:&quot;disabled&quot;,&quot;infinite_tolerance&quot;:&quot;0&quot;,&quot;max_pages&quot;:0,&quot;page&quot;:1,&quot;base_permalink&quot;:&quot;\/mt\/wp-json\/wp\/v2\/posts\/232278?wpv_view_count=8611-CATTR46b6ae937d86f0f5f3a5ab5c67f11b37TCPID232278&amp;wpv_paged=WPV_PAGE_NUM&quot;,&quot;loop&quot;:{&quot;type&quot;:&quot;&quot;,&quot;name&quot;:&quot;&quot;,&quot;data&quot;:[],&quot;id&quot;:0}}\" data-permalink=\"\/mt\/wp-json\/wp\/v2\/posts\/232278?wpv_view_count=8611-CATTR46b6ae937d86f0f5f3a5ab5c67f11b37TCPID232278\">\n\n\t\n\t\n\t<table width=\"100%\" class=\"pa-rl wpv-loop js-wpv-loop\" cellspacing=\"5\">\n\t\n\t\t\n\t\t<tr>\n\t\t\t<td class=\"smaller\">\n\t\t\t\t\n<figure class=\"wp-block-image tb-image tb-image-dynamic\" data-toolset-blocks-image=\"4237204bb0f2388c8cd0daeb4e0ed893\"><a href=\"https:\/\/sds.mt\/mt\/programmes\/with-reading-and-writing-i-find-a-beloved-space\/\"><img loading=\"lazy\" loading=\"lazy\" loading=\"lazy\" decoding=\"async\" width=\"8375\" height=\"8375\" loading=\"lazy\" src=\"https:\/\/sds.mt\/wp-content\/uploads\/2023\/07\/Spazju-ghal-Qalbi_EN.jpg\" alt=\"\" class=\"wp-image-147146\"\/><\/a><\/figure>\n\n\n\n<h3 class=\"wp-block-heading\"><strong><a href=\"https:\/\/sds.mt\/mt\/programmes\/with-reading-and-writing-i-find-a-beloved-space\/\">With Reading and Writing, I find a Beloved Space<\/a><\/strong><\/h3>\n\n\n<p><\/p>\n\n\t\t\t<\/td>\n\t\t\n\t\t\n\t\t\t<td class=\"smaller\">\n\t\t\t\t\n<figure class=\"wp-block-image tb-image tb-image-dynamic\" data-toolset-blocks-image=\"4237204bb0f2388c8cd0daeb4e0ed893\"><a href=\"https:\/\/sds.mt\/mt\/programmes\/journeying-together\/\"><img loading=\"lazy\" loading=\"lazy\" loading=\"lazy\" decoding=\"async\" width=\"2499\" height=\"1666\" loading=\"lazy\" src=\"https:\/\/sds.mt\/wp-content\/uploads\/2023\/07\/ST1_1145-2012023-101250.jpg\" alt=\"\" class=\"wp-image-149254\" srcset=\"https:\/\/sds.mt\/wp-content\/uploads\/2023\/07\/ST1_1145-2012023-101250.jpg 2499w, https:\/\/sds.mt\/wp-content\/uploads\/2023\/07\/ST1_1145-2012023-101250-300x200.jpg 300w, https:\/\/sds.mt\/wp-content\/uploads\/2023\/07\/ST1_1145-2012023-101250-1024x683.jpg 1024w, https:\/\/sds.mt\/wp-content\/uploads\/2023\/07\/ST1_1145-2012023-101250-768x512.jpg 768w, https:\/\/sds.mt\/wp-content\/uploads\/2023\/07\/ST1_1145-2012023-101250-1536x1024.jpg 1536w, https:\/\/sds.mt\/wp-content\/uploads\/2023\/07\/ST1_1145-2012023-101250-2048x1365.jpg 2048w, https:\/\/sds.mt\/wp-content\/uploads\/2023\/07\/ST1_1145-2012023-101250-640x427.jpg 640w, https:\/\/sds.mt\/wp-content\/uploads\/2023\/07\/ST1_1145-2012023-101250-800x533.jpg 800w, https:\/\/sds.mt\/wp-content\/uploads\/2023\/07\/ST1_1145-2012023-101250-1200x800.jpg 1200w, https:\/\/sds.mt\/wp-content\/uploads\/2023\/07\/ST1_1145-2012023-101250-20x13.jpg 20w\" sizes=\"auto, (max-width: 2499px) 100vw, 2499px\" \/><\/a><\/figure>\n\n\n\n<h3 class=\"wp-block-heading\"><strong><a href=\"https:\/\/sds.mt\/mt\/programmes\/journeying-together\/\">Journeying Together session<\/a><\/strong><\/h3>\n\n\n<p><\/p>\n\n\t\t\t<\/td>\n\t\t\n\t\t\n\t\t\t<td class=\"smaller\">\n\t\t\t\t\n<figure class=\"wp-block-image tb-image tb-image-dynamic\" data-toolset-blocks-image=\"4237204bb0f2388c8cd0daeb4e0ed893\"><a href=\"https:\/\/sds.mt\/mt\/programmes\/prayer-spaces\/\"><img loading=\"lazy\" loading=\"lazy\" loading=\"lazy\" decoding=\"async\" width=\"1702\" height=\"1489\" loading=\"lazy\" src=\"https:\/\/sds.mt\/wp-content\/uploads\/2023\/08\/Prayer-Spaces-Malta-Color.png\" alt=\"\" class=\"wp-image-150095\" srcset=\"https:\/\/sds.mt\/wp-content\/uploads\/2023\/08\/Prayer-Spaces-Malta-Color.png 1702w, https:\/\/sds.mt\/wp-content\/uploads\/2023\/08\/Prayer-Spaces-Malta-Color-300x262.png 300w, https:\/\/sds.mt\/wp-content\/uploads\/2023\/08\/Prayer-Spaces-Malta-Color-1024x896.png 1024w, https:\/\/sds.mt\/wp-content\/uploads\/2023\/08\/Prayer-Spaces-Malta-Color-768x672.png 768w, https:\/\/sds.mt\/wp-content\/uploads\/2023\/08\/Prayer-Spaces-Malta-Color-1536x1344.png 1536w, https:\/\/sds.mt\/wp-content\/uploads\/2023\/08\/Prayer-Spaces-Malta-Color-640x560.png 640w, https:\/\/sds.mt\/wp-content\/uploads\/2023\/08\/Prayer-Spaces-Malta-Color-800x700.png 800w, https:\/\/sds.mt\/wp-content\/uploads\/2023\/08\/Prayer-Spaces-Malta-Color-1200x1050.png 1200w\" sizes=\"auto, (max-width: 1702px) 100vw, 1702px\" \/><\/a><\/figure>\n\n\n\n<h3 class=\"wp-block-heading\"><strong><a href=\"https:\/\/sds.mt\/mt\/programmes\/prayer-spaces\/\">Prayer Spaces<\/a><\/strong><\/h3>\n\n\n<p><\/p>\n\n\t\t\t<\/td>\n\t\t<\/tr>\n\t\t\n\t<\/table>\n\t\n\t\n\t\n<\/div>\n\n\n\n\n<h5 class=\"wp-block-heading\">Explore more <a rel=\"noreferrer noopener\" href=\"https:\/\/sds.mt\/programmes\/\" target=\"_blank\">Programmes<\/a><\/h5>\n","protected":false},"excerpt":{"rendered":"<\/p>\n<p>       \ud83d\udd25 MIS-SERJE <em>WHOLESOME<\/em>: &nbsp;B\u2019RU\u0126EK KOLLHA IMDAWWLA U FFUKATA  <em>L-istorja ta\u2019 Bartimew l-ag\u0127ma (Mark10:46-52)<\/em>    <a class=\"tb-button__link\" href=\"https:\/\/maltadiocese.sharepoint.com\/:p:\/s\/AoMPublic\/EXJfCSOdeYhCqUgxxjuFkDsBz4-O_9r0k4QvFUGU-nnefQ?e=PA1MBo&amp;download=1\"><i class=\"tb-button__icon\"><\/i> Pre\u017centazzjoni<\/a>    <a class=\"tb-button__link\" href=\"https:\/\/maltadiocese.sharepoint.com\/:b:\/s\/AoMPublic\/EVpyCV9lLIRBk-vxo31wk-gBDkfDgb_mi0-hd0CiQvrZcQ?e=Er5cMP&amp;download=1\"><i class=\"tb-button__icon\"><\/i> Storja<\/a>    \ud83d\udc49 G\u0127an  <\/p>\n<p>L-istudenti jkunu jistg\u0127u jifhmu li \u0120es\u00f9 j\u0127obb lil kul\u0127add, spe\u010bjalment lil dawk li jkunu mdejqin jew g\u0127andhom b\u017conn l-g\u0127ajnuna, u li dejjem nistg\u0127u nitkellmu ma\u2019 \u0120es\u00f9&nbsp; fit-talb. Barra minn hekk, jitg\u0127allmu wkoll li nistg\u0127u ng\u0127inu lil o\u0127rajn jersqu aktar lejn l-im\u0127abba ta\u2019 \u0120es\u00f9 &#8230;<\/p>\n<p> <a href=\"https:\/\/sds.mt\/mt\/wholesome-bruhek-kollha\/\">Kompli aqra&#160;&raquo;<\/a><\/p>\n","protected":false},"author":2,"featured_media":232126,"comment_status":"closed","ping_status":"closed","sticky":false,"template":"","format":"standard","meta":{"footnotes":""},"categories":[437],"tags":[],"class_list":["post-232278","post","type-post","status-publish","format-standard","has-post-thumbnail","hentry","category-wholesome-25-26-mt"],"toolset-meta":{"custom-fields":{"subtitle":{"type":"textfield","raw":""}}},"_links":{"self":[{"href":"https:\/\/sds.mt\/mt\/wp-json\/wp\/v2\/posts\/232278","targetHints":{"allow":["GET"]}}],"collection":[{"href":"https:\/\/sds.mt\/mt\/wp-json\/wp\/v2\/posts"}],"about":[{"href":"https:\/\/sds.mt\/mt\/wp-json\/wp\/v2\/types\/post"}],"author":[{"embeddable":true,"href":"https:\/\/sds.mt\/mt\/wp-json\/wp\/v2\/users\/2"}],"replies":[{"embeddable":true,"href":"https:\/\/sds.mt\/mt\/wp-json\/wp\/v2\/comments?post=232278"}],"version-history":[{"count":10,"href":"https:\/\/sds.mt\/mt\/wp-json\/wp\/v2\/posts\/232278\/revisions"}],"predecessor-version":[{"id":232613,"href":"https:\/\/sds.mt\/mt\/wp-json\/wp\/v2\/posts\/232278\/revisions\/232613"}],"wp:featuredmedia":[{"embeddable":true,"href":"https:\/\/sds.mt\/mt\/wp-json\/wp\/v2\/media\/232126"}],"wp:attachment":[{"href":"https:\/\/sds.mt\/mt\/wp-json\/wp\/v2\/media?parent=232278"}],"wp:term":[{"taxonomy":"category","embeddable":true,"href":"https:\/\/sds.mt\/mt\/wp-json\/wp\/v2\/categories?post=232278"},{"taxonomy":"post_tag","embeddable":true,"href":"https:\/\/sds.mt\/mt\/wp-json\/wp\/v2\/tags?post=232278"}],"curies":[{"name":"wp","href":"https:\/\/api.w.org\/{rel}","templated":true}]}}