{"id":232277,"date":"2025-09-15T10:26:01","date_gmt":"2025-09-15T08:26:01","guid":{"rendered":"https:\/\/sds.mt\/?p=232277"},"modified":"2025-09-19T13:30:20","modified_gmt":"2025-09-19T11:30:20","slug":"wholesome-bil-qawwa-tieghek-kollha","status":"publish","type":"post","link":"https:\/\/sds.mt\/mt\/wholesome-bil-qawwa-tieghek-kollha\/","title":{"rendered":"Wholesome &#8211; Bil-Qawwa Tieg\u0127ek Kollha"},"content":{"rendered":"<style>.kt-tabs-id232277_9513ea-04 > .kt-tabs-content-wrap > .wp-block-kadence-tab{border-top:1px solid #dee2e6;border-right:1px solid #dee2e6;border-bottom:1px solid #dee2e6;border-left:1px solid #dee2e6;border-top-left-radius:0px;border-top-right-radius:0px;border-bottom-right-radius:0px;border-bottom-left-radius:0px;padding-top:var(--global-kb-spacing-sm, 1.5rem);padding-right:var(--global-kb-spacing-sm, 1.5rem);padding-bottom:var(--global-kb-spacing-sm, 1.5rem);padding-left:var(--global-kb-spacing-sm, 1.5rem);}.wp-block-kadence-tabs .kt-tabs-id232277_9513ea-04 > .kt-tabs-title-list li:last-child{margin-right:0px;}.wp-block-kadence-tabs .kt-tabs-id232277_9513ea-04 > .kt-tabs-title-list li .kt-tab-title, .wp-block-kadence-tabs .kt-tabs-id232277_9513ea-04 > .kt-tabs-content-wrap > .kt-tabs-accordion-title .kt-tab-title{font-weight:regular;font-style:normal;border-color:#cecece;color:#5a5c5d;background:#eeeeee;}.wp-block-kadence-tabs .kt-tabs-id232277_9513ea-04 > .kt-tabs-title-list li .kt-tab-title:hover, .wp-block-kadence-tabs .kt-tabs-id232277_9513ea-04 > .kt-tabs-content-wrap > .kt-tabs-accordion-title .kt-tab-title:hover{border-color:#eeeeee;color:#5a5c5d;background:#ffffff;}.wp-block-kadence-tabs .kt-tabs-id232277_9513ea-04 > .kt-tabs-title-list li.kt-tab-title-active .kt-tab-title, .wp-block-kadence-tabs .kt-tabs-id232277_9513ea-04 > .kt-tabs-content-wrap > .kt-tabs-accordion-title.kt-tab-title-active .kt-tab-title{border-color:#b63229;color:#ffffff;background:#c64239;}@media all and (max-width: 1024px){.kt-tabs-id232277_9513ea-04 > .kt-tabs-content-wrap > .wp-block-kadence-tab{border-top:1px solid #dee2e6;border-right:1px solid #dee2e6;border-bottom:1px solid #dee2e6;border-left:1px solid #dee2e6;}}@media all and (max-width: 767px){.kt-tabs-id232277_9513ea-04 > .kt-tabs-content-wrap > .wp-block-kadence-tab{border-top:1px solid #dee2e6;border-right:1px solid #dee2e6;border-bottom:1px solid #dee2e6;border-left:1px solid #dee2e6;}}<\/style>\n<div class=\"wp-block-kadence-tabs alignnone\"><div class=\"kt-tabs-wrap kt-tabs-id232277_9513ea-04 kt-tabs-has-3-tabs kt-active-tab-1 kt-tabs-layout-tabs kt-tabs-tablet-layout-inherit kt-tabs-mobile-layout-inherit kt-tab-alignment-left \"><ul class=\"kt-tabs-title-list\"><li id=\"tab-sninbikrin\" class=\"kt-title-item kt-title-item-1 kt-tabs-svg-show-always kt-tabs-icon-side-right kt-tab-title-active\"><a href=\"#tab-sninbikrin\" data-tab=\"1\" class=\"kt-tab-title kt-tab-title-1 \"><span class=\"kt-title-text\">Snin Bikrin<\/span><\/a><\/li><li id=\"tab-primarja\" class=\"kt-title-item kt-title-item-2 kt-tabs-svg-show-always kt-tabs-icon-side-right kt-tab-title-inactive\"><a href=\"#tab-primarja\" data-tab=\"2\" class=\"kt-tab-title kt-tab-title-2 \"><span class=\"kt-title-text\">Primarja<\/span><\/a><\/li><li id=\"tab-medjausekondarja\" class=\"kt-title-item kt-title-item-3 kt-tabs-svg-show-always kt-tabs-icon-side-right kt-tab-title-inactive\"><a href=\"#tab-medjausekondarja\" data-tab=\"3\" class=\"kt-tab-title kt-tab-title-3 \"><span class=\"kt-title-text\">Medja u Sekondarja<\/span><\/a><\/li><\/ul><div class=\"kt-tabs-content-wrap\">\n<div class=\"wp-block-kadence-tab kt-tab-inner-content kt-inner-tab-1 kt-inner-tab3d786b-05\"><div class=\"kt-tab-inner-content-inner\">\n<h5 class=\"wp-block-heading\"><strong>\ud83d\udcaaMIS-SERJE <\/strong><strong>WHOLESOME &#8211; BIL-QAWWA TIEG\u0126EK KOLLHA: MILMU\u0126 U MISJUB<\/strong><\/h5>\n\n\n\n<h5 class=\"wp-block-heading\">Ibba\u017cata fuq il-\u0121rajja ta\u2019 \u017bakkew (Luqa 19:1-10)<\/h5>\n\n\n\n<div class=\"wp-block-columns is-layout-flex wp-container-core-columns-is-layout-9d6595d7 wp-block-columns-is-layout-flex\">\n<div class=\"wp-block-column is-layout-flow wp-block-column-is-layout-flow\">\n<div class=\"tb-button\" data-toolset-blocks-button=\"e9bc42750dd25b009772dcebdc37647d\"><a class=\"tb-button__link\" href=\"https:\/\/maltadiocese.sharepoint.com\/:p:\/s\/AoMPublic\/EWi6Ll0fnpdPkQcWmuWr6hMBgvi6AmCL4IYsG14pR5DYOw?e=1RYQXO&amp;download=1\"><i class=\"tb-button__icon\"><\/i><span class=\"tb-button__content\"> Pre\u017centazzjoni<\/span><\/a><\/div>\n<\/div>\n\n\n\n<div class=\"wp-block-column is-layout-flow wp-block-column-is-layout-flow\">\n<div class=\"tb-button\" data-toolset-blocks-button=\"deb591c27bc9d71fd4adc0601ef8466d\"><a class=\"tb-button__link\" href=\"https:\/\/maltadiocese.sharepoint.com\/:b:\/s\/AoMPublic\/EXGXMAx9IfdIgHtynHs_LgIBs7lVKUwBQ4qeDaCWNMjX4Q?e=epfZdg&amp;download=1\"><i class=\"tb-button__icon\"><\/i><span class=\"tb-button__content\"> Storja<\/span><\/a><\/div>\n<\/div>\n<\/div>\n\n\n\n<h4 class=\"wp-block-heading\"><strong>\ud83d\udc49<\/strong><strong> G\u0127an<\/strong>:<\/h4>\n\n\n\n<p>It &#8211; tfal se jifhmu li Alla jarahom u j\u0127obbhom anki meta ji\u017cbaljaw jew i\u0127ossuhom \u017cg\u0127ar. Huma se jitg\u0127allmu, permezz ta\u2019 \u017bakkew, li jekk jipprovaw kemm jifil\u0127u jkunu qrib ta\u2019 \u0120es\u00f9 tista\u2019 tg\u0127inhom ikunu kura\u0121\u0121u\u017ci u ta\u2019 qalbhom tajba.<\/p>\n\n\n\n<h4 class=\"wp-block-heading\"><strong>\ud83d\udfe6 Introduzzjoni (5 minuti)<\/strong><\/h4>\n\n\n\n<p>\u2022 L-g\u0127odwa t-tajba, kul\u0127add! Ejja nibdew billi rroddu s-Salib u nirringrazzjaw lil Alla g\u0127ad-don ta\u2019 dan il-jum.<br>\u2022 Illum se nisimg\u0127u storja dwar ra\u0121el jismu \u017bakkew. Qatt \u0127assejtukom \u017cg\u0127ar wisq jew mhux tajbin bi\u017c\u017cejjed biex ti\u0121bdu l-attenzjoni tal-o\u0127rajn? Imma\u0121inawkom tippruvaw taraw xi super eroj favorit tag\u0127kom f\u2019nofs folla kbira, imma intom wisq qosra biex jarakom! Hekk e\u017catt kien qed i\u0127ossu \u017bakkew meta mar mal-folla jara lil \u0120es\u00f9. X\u2019kien jag\u0127mel \u017bakkew? \u017bakkew kien ji\u0121bor il-flus g\u0127all-gvern, u xi kull tant kien ji\u0121bor iktar milli kellu.&nbsp; Min\u0127abba f\u2019hekk, \u0127afna nies ma kinux i\u0127obbuh. Imma \u0120es\u00f9 jarah! Ejja naraw x\u2019\u0121ara e\u017catt fl-istorja!<\/p>\n\n\n\n<h4 class=\"wp-block-heading\"><strong>\ud83d\udcd6<\/strong><strong> L-istorja (5 minuti)<\/strong><\/h4>\n\n\n\n<p>Tista\u2019 tanima l-istorja (billi tni\u017c\u017cel u taqra l-ver\u017cjoni adattata mehmu\u017ca) jew tistedin lill-istudenti jaraw il-vidjow mill-PowerPoint: L-Istorja ta\u2019 \u017bakkew (5 minuti) <\/p>\n\n\n\n<p>Wara l-istorja, itlob lit-tfal jirrakkontaw fuq fuq l-istorja fi kliemhom stess bl-g\u0127ajnuna tieg\u0127ek. It-tfal jistg\u0127u janimaw jew jirre\u010btaw partijiet mill-istorja waqt li inti tg\u0127idha fi kliemek stess.<\/p>\n\n\n\n<p>F\u2019dan il-mument, tista\u2019 tu\u017ca attivit\u00e0 interattiva biex tqajjem aktar interess qalb istudenti u tg\u0127inhom jid\u0127lu fl-istorja qabel ma tiddiskutu fil-qosor xi punti importanti mag\u0127hom.<\/p>\n\n\n\n<figure class=\"wp-block-embed is-type-video is-provider-youtube wp-block-embed-youtube wp-embed-aspect-16-9 wp-has-aspect-ratio\"><div class=\"wp-block-embed__wrapper\">\n<iframe title=\"Zacchaeus\" width=\"800\" height=\"450\" src=\"https:\/\/www.youtube.com\/embed\/5BjtbJFz2ug?feature=oembed\" frameborder=\"0\" allow=\"accelerometer; autoplay; clipboard-write; encrypted-media; gyroscope; picture-in-picture; web-share\" referrerpolicy=\"strict-origin-when-cross-origin\" allowfullscreen><\/iframe>\n<\/div><\/figure>\n\n\n\n<p><\/p>\n\n\n\n<h4 class=\"wp-block-heading\"><strong>\ud83c\udfad<\/strong><strong> Attivit\u00e0 interattiva (10 minuti) \u2013 Nitla\u2019 mas-Si\u0121ra &#8211; mima:<\/strong><\/h4>\n\n\n\n<p><strong>G\u0127an<\/strong>: li t-tfal jifhmu l-isforz ta\u2019 \u017bakkew biex jeg\u0127leb l-isfidi u biex jit\u0127ajjru jag\u0127mlu b\u0127alu fil-\u0127ajja tag\u0127hom.<\/p>\n\n\n\n<p><strong>Istruzzjonijiet<\/strong>:<\/p>\n\n\n\n<p>1. Aqsam it-tfal fi gruppi \u017cg\u0127ar (e\u017c., 3-4 itfal g\u0127al kull grupp).<\/p>\n\n\n\n<p>2. Staqsi lil kull grupp biex jirre\u010bta dik il-parti tal-istorja meta \u017bakkew ipprova jitla\u2019 mas-si\u0121ra u kemm kienet xi ftit jew wisq diffi\u010bli g\u0127ax kien qasir. Inkura\u0121\u0121ihom juru kemm dam jipprova sakemm irnexxielu!<\/p>\n\n\n\n<p>3. Wara l-mima, iddiskuti fil-qosor: \u017bakkew sabha diffi\u010bli biex jitla\u2019 s-si\u0121ra biex jara lil \u0120es\u00f9 &nbsp;(biex jag\u0127mel xi \u0127a\u0121a tajba sabha diffi\u010bli \u2013 kellu jag\u0127mel sforz kbir). Inti issibha diffi\u010bli biex tag\u0127mel xi \u0127a\u0121a tajba? Iddiskuti dawn l-e\u017cempji: taqsam il-\u0121ugarelli ma\u2019 \u0127addie\u0127or, tisku\u017ca ru\u0127ek, i\u0121\u0121ib ru\u0127ek sew anki meta tkun trid tag\u0127mel xi \u0127a\u0121a o\u0127ra, ti\u017cbarazza l-\u0121ugarelli tieg\u0127ek u tnaddaf il-\u0127mie\u0121 tieg\u0127ek stess.<\/p>\n\n\n\n<p>4. Iddiskuti kif, b\u0127al \u017bakkew, jistg\u0127u jag\u0127mlu sforz biex jeg\u0127lbu dawn l-ostakli, anki jekk dan ifisser li jag\u0127mlu xi \u0127a\u0121a diffi\u010bli jew mhux tas-soltu.<\/p>\n\n\n\n<p>\u2022 Pere\u017cempju: Neg\u0127lbu l-mist\u0127ija tag\u0127na biex ng\u0127idu talb lil Alla; ng\u0127inu lil \u0127addie\u0127or anke meta huma ma jag\u0127mlux l-istess mag\u0127hom; li jkunu qalbhom tajba anke meta \u0127addie\u0127or ma jkunx; nitolbu l-g\u0127ajnuna meta ma nifhmux xi \u0127a\u0121a minflok naqtg\u0127u qalbna.<\/p>\n\n\n\n<h4 class=\"wp-block-heading\"><strong>\ud83d\udfe6 Diskussjoni tal-Istorja (7 minuti)<\/strong><\/h4>\n\n\n\n<p>Itlob lill-istudenti jirrakkontaw l-istorja fil-qosor u bil-kliem tag\u0127hom stess. Imbag\u0127ad iddiskuti dawn il-mistoqsijiet jew g\u0127a\u017cel minnhom:<\/p>\n\n\n\n<ol start=\"1\" class=\"wp-block-list\">\n<li><strong>G\u0127aliex ta\u0127seb li \u017bakkew tela\u2019 s-si\u0121ra?<\/strong><br><em>G\u0127ax kien qasir u <strong>ma setax jara<\/strong> fuq il-folla. Ried jara lil \u0120es\u00f9 u g\u0127alhekk kien determinat li jsib mezz kif jarah, minkejja l-ostakli anke jekk din kienet tfisser li jixxabbat ma\u2019 si\u0121ra.<\/em><\/li>\n<\/ol>\n\n\n\n<ol start=\"2\" class=\"wp-block-list\">\n<li><strong>Kif ta\u0127seb li \u0127assu \u017bakkew meta \u0120es\u00f9 stieden lilu nnifsu fid-dar tieg\u0127u?<\/strong><br><strong><em>Sorpri\u017c<\/em><\/strong><em>, g\u0127ax \u0120es\u00f9 kien mag\u0127ruf u importanti. <strong>Fer\u0127an u e\u010bitat<\/strong>, g\u0127ax \u017cgur ma kienx jistenna li \u0120es\u00f9 jinduna bih. Forsi anke ftit <strong>nervu\u017c<\/strong>, g\u0127ax kien jaf li m\u2019g\u0127amilx dejjem affarijiet tajbin.<\/em><\/li>\n<\/ol>\n\n\n\n<ol start=\"3\" class=\"wp-block-list\">\n<li><strong>G\u0127aliex il-folla gergret meta \u0120es\u00f9 qal li kien sejjer fid-dar ta\u2019 \u017bakkew?<\/strong><br><em>G\u0127ax \u017bakkew kien ji\u0121bor it-taxxa u n-nies ma kinux i\u0127obbuh. <strong>\u0126asbuh midneb<\/strong> u ma \u0127asbux li \u0120es\u00f9 g\u0127andu jqatta\u2019 l-\u0127in ma\u2019 xi \u0127add b\u0127al \u017bakkew.<\/em><\/li>\n<\/ol>\n\n\n\n<ol start=\"4\" class=\"wp-block-list\">\n<li><strong>Kif inbidel \u017bakkew wara li ltaqa\u2019 ma\u2019 \u0120es\u00f9?<\/strong><br><em>Idde\u010bieda li jag\u0127ti nofs \u0121idu lill-foqra u jwieg\u0127ed li jrodd lura dak li kien seraq. Sar bniedem a\u0127jar u wera li <strong>ddispja\u010bih<\/strong> minn dak li g\u0127amel fil-passat.<\/em><\/li>\n<\/ol>\n\n\n\n<ol start=\"5\" class=\"wp-block-list\">\n<li><strong>G\u0127aliex \u0120es\u00f9 g\u0127a\u017cel li j\u017cur lil \u017bakkew?<\/strong><br><em>\u0120es\u00f9 &nbsp;<strong>ried jg\u0127in lil \u017bakkew<\/strong> meta ra kemm g\u0127amel sforz biex imur jarah. Ried joffrilu l-ma\u0127fra, u juri li l-im\u0127abba ta\u2019 Alla hi g\u0127al kul\u0127add, spe\u010bjalment g\u0127al dawk li j\u0127ossuhom wa\u0127edhom jew \u017cbaljaw fil-\u0127ajja tag\u0127hom.<\/em>&nbsp;<\/li>\n<\/ol>\n\n\n\n<h4 class=\"wp-block-heading\"><strong>\ud83d\udfe6 Konklu\u017cjoni (2 minuti)<\/strong><\/h4>\n\n\n\n<p>B\u0127al \u017bakkew, a\u0127na wkoll g\u0127andna n-nuqqasijiet tag\u0127na, imma Alla jarana, j\u0127obbna, u jrid ikun qrib tag\u0127na. Meta nag\u0127mlu sforz biex nersqu lejh u nuru m\u0127abba lejn l-o\u0127rajn, jistg\u0127u ji\u0121ru affarijiet tal-g\u0127a\u0121eb!<\/p>\n\n\n\n<p><strong>Saqsi lit-tfal jekk iridu jg\u0127idu xi talba huma fuq dak li tg\u0127allmu jew fuq xi \u0127a\u0121a o\u0127ra. Spjega kemm jie\u0127u gost \u0120es\u00f9 jisma l-\u0127sibijiet u x-xewqat tag\u0127hom.<\/strong><\/p>\n\n\n\n<p><strong>Talba:<\/strong><br><strong>\ud83d\ude4f<\/strong><em> O Alla, grazzi talli tarana u t\u0127obbna, b\u0127alma \u0127abbejt lil \u017bakkew. G\u0127inna nag\u0127mlu kura\u0121\u0121 biex ninbiddlu u nag\u0127mlu l-\u0121id. Ammen<\/em><\/p>\n<\/div><\/div>\n\n\n\n<div class=\"wp-block-kadence-tab kt-tab-inner-content kt-inner-tab-2 kt-inner-tab05bb7c-87\"><div class=\"kt-tab-inner-content-inner\">\n<p><strong>\ud83d\udcaa MIS-SERJE <\/strong><strong>WHOLESOME &#8211; BIL-QAWWA TIEG\u0126EK KOLLHA: MILMU\u0126 U MISJUB<\/strong><\/p>\n\n\n\n<p>Ibba\u017cata fuq il-\u0121rajja ta\u2019 \u017bakkew (Luqa 19:1-10)<\/p>\n\n\n\n<div class=\"wp-block-columns is-layout-flex wp-container-core-columns-is-layout-9d6595d7 wp-block-columns-is-layout-flex\">\n<div class=\"wp-block-column is-layout-flow wp-block-column-is-layout-flow\">\n<div class=\"tb-button\" data-toolset-blocks-button=\"faacf349c9b1d44908c5d5b586962b12\"><a class=\"tb-button__link\" href=\"https:\/\/maltadiocese.sharepoint.com\/:p:\/s\/AoMPublic\/EXQd8s4dZGRKon2RBuqWwYsBB21wrbMu8lu8obaQlnLnHA?e=0UZEqD&amp;download=1\"><i class=\"tb-button__icon\"><\/i><span class=\"tb-button__content\"> Pre\u017centazzjoni <\/span><\/a><\/div>\n<\/div>\n\n\n\n<div class=\"wp-block-column is-layout-flow wp-block-column-is-layout-flow\">\n<div class=\"tb-button\" data-toolset-blocks-button=\"deb591c27bc9d71fd4adc0601ef8466d\"><a class=\"tb-button__link\" href=\"https:\/\/maltadiocese.sharepoint.com\/:b:\/s\/AoMPublic\/EXGXMAx9IfdIgHtynHs_LgIBs7lVKUwBQ4qeDaCWNMjX4Q?e=epfZdg&amp;download=1\"><i class=\"tb-button__icon\"><\/i><span class=\"tb-button__content\"> Storja<\/span><\/a><\/div>\n<\/div>\n<\/div>\n\n\n\n<p><strong>\ud83d\udc49<\/strong><strong> G\u0127an<\/strong>:<\/p>\n\n\n\n<p>L-istudenti jkunu jistg\u0127u jifhmu li Alla jara u j\u0127obbhom minkejja n-nuqqasijiet u d-dg\u0127ufijiet tag\u0127hom. Permezz tal-istorja ta\u2019 \u017bakkew, huma jkunu jistg\u0127u jirrikonoxxu kif laqg\u0127a ma\u2019 \u0120es\u00f9 tista\u2019 tispirahom jeg\u0127lbu l-ostakli u juru qalb tajba lejn l-o\u0127rajn.<\/p>\n\n\n\n<p><strong>\ud83d\udfe6<\/strong><strong> Introduzzjoni (5 minuti)<\/strong><br>\u2022 L-g\u0127odwa t-tajba, kul\u0127add! Ejja nibdew billi nag\u0127mlu s-sinjal tas-Salib u nirringrazzjaw lil Alla g\u0127ad-don ta\u2019 dan il-jum.<br>\u2022 Illum se nisimg\u0127u storja dwar ra\u0121el jismu \u017bakkew. Qatt \u0127assejtkom \u017cg\u0127ar wisq jew mhux tajbin bi\u017c\u017cejjed biex ti\u0121bdu l-attenzjoni tal-o\u0127rajn? Imma\u0121inawkom tippruvaw taraw is-supereroj favorit tag\u0127kom f\u2019nofs folla kbira, imma intom wisq qosra biex jarakom! Hekk e\u017catt kien qed i\u0127ossu \u017bakkew meta ma setax jara lil \u0120es\u00f9. X\u2019kien jag\u0127mel \u017bakkew? Hu kien ji\u0121bor il-flus g\u0127all-gvern, u xi kull tant kien ji\u0121bor iktar milli missu!&nbsp; Min\u0127abba f\u2019hekk, \u0127afna nies ma kinux i\u0127obbuh.<\/p>\n\n\n\n<p><strong>\ud83d\udcd6<\/strong><strong> L-istorja (5 minuti)<\/strong><\/p>\n\n\n\n<p>Tista\u2019 tanima l-istorja (billi tni\u017c\u017cel u taqra l-ver\u017cjoni adattata mehmu\u017ca) jew tistieden \u2018l istudenti jaraw il-vidjo mill-PowerPoint: L-Istorja ta\u2019 \u017bakkew (5 minuti) <\/p>\n\n\n\n<p>F\u2019dan il-mument, tista\u2019 tu\u017ca attivit\u00e0 interattiva biex tqajjem aktar interess fl-istudenti u tg\u0127inhom jid\u0127lu fl-istorja. Qabel ma tiddiskuti xi punti importanti mag\u0127hom.<\/p>\n\n\n\n<figure class=\"wp-block-embed is-type-video is-provider-youtube wp-block-embed-youtube wp-embed-aspect-16-9 wp-has-aspect-ratio\"><div class=\"wp-block-embed__wrapper\">\n<iframe title=\"Zacchaeus\" width=\"800\" height=\"450\" src=\"https:\/\/www.youtube.com\/embed\/5BjtbJFz2ug?feature=oembed\" frameborder=\"0\" allow=\"accelerometer; autoplay; clipboard-write; encrypted-media; gyroscope; picture-in-picture; web-share\" referrerpolicy=\"strict-origin-when-cross-origin\" allowfullscreen><\/iframe>\n<\/div><\/figure>\n\n\n\n<p><strong>\ud83c\udfa8<\/strong><strong> Attivit\u00e0 ta\u2019 tpin\u0121ija \u2013 Rajtni u \u0126abbejtni<\/strong> (10 minuti)<\/p>\n\n\n\n<p><strong>G\u0127an<\/strong>: Li nirriflettu fuq il-fatt li Alla jaranu u j\u0127obbna minkejja n-nuqqasijiet tag\u0127na.<\/p>\n\n\n\n<p><strong>Materjali<\/strong>: Karti, krejons, markers, stikers (jekk trid).<\/p>\n\n\n\n<p><strong>Istruzzjonijiet:<\/strong><\/p>\n\n\n\n<p>1. Kull tifel u tifla jpin\u0121u&nbsp; si\u0121ra u stampa tag\u0127hom infushom ma\u0121emb is-si\u0121ra.<\/p>\n\n\n\n<p>2. Inkura\u0121\u0121ihom jiktbu jew jpin\u0121u xi \u0127a\u0121a li j\u0127ossuhom mhux kburin jew skomdi dwarha, jew li tbe\u017c\u017cag\u0127hom, fuq iz-zokk tas-si\u0121ra (e\u017c. M\u2019iniex tajjeb fl-isports, Nirrabja kultant, m\u2019g\u0127andix pa\u010benzja).<\/p>\n\n\n\n<p>3. Imbag\u0127ad, i\u017cejnu lilhom infushom b\u2019kuluri sbie\u0127 u stikers biex juru kif Alla jarahom spe\u010bjali u ma\u0127bubin minkejja l-insigurtajiet tag\u0127hom. Spjega kemm a\u0127na rridu nag\u0127mlu sforz biex it-tjubija tag\u0127na tiddi u neg\u0127lbu dak li j\u0127allina n\u0127ossuna insiguri.<\/p>\n\n\n\n<p>4. Iddiskuti mag\u0127hom:<\/p>\n\n\n\n<p>&#8211; Kif t\u0127ossok issa li taf li Alla jarak u j\u0127obbok, anke meta ma t\u0127ossokx perfett? Kif tista\u2019 turi m\u0127abba lejn \u0127addie\u0127or, anke jekk g\u0127andu xi nuqqasijiet?<\/p>\n\n\n\n<p>&nbsp;&#8211; Kif tista\u2019 turi qalb tajba u m\u0127abba lejn dawk ta\u2019 madwarek, b\u0127alma g\u0127amel \u0120es\u00f9 ma\u2019 \u017bakkew?&nbsp;&nbsp; (Pere\u017cempju: stieden lil xi \u0127add li jkun bilqieg\u0127da wa\u0127du biex jilg\u0127ab mieg\u0127ek; g\u0127in lil xi \u0127add fil-klassi li jkun qed jit\u0127abat max-xog\u0127ol; ta\u010b\u010betta lil \u0127addie\u0127or anke jekk jkun differenti minnek.)<\/p>\n\n\n\n<p><strong>\ud83d\udfe6<\/strong><strong> Diskussjoni tal-Istorja (10 minuti)<\/strong><br>Itlob lill-istudenti jirrakkontaw l-istorja fil-qosor u bil-kliem tag\u0127hom stess. Imbag\u0127ad iddiskuti dawn il-mistoqsijiet:<\/p>\n\n\n\n<ol start=\"1\" class=\"wp-block-list\">\n<li><strong>G\u0127aliex ta\u0127seb li \u017bakkew tela\u2019 s-si\u0121ra?<\/strong><br><em>G\u0127ax kien qasir u ma setax jara fuq il-folla. Kien tassew irid jara lil \u0120es\u00f9. <strong>Kien determinat<\/strong> li jsib mezz kif jarah, minkejja l-ostakli.<\/em><\/li>\n\n\n\n<li><strong>Kif ta\u0127seb li \u0127assu \u017bakkew meta \u0120es\u00f9 stieden lilu nnifsu fid-dar tieg\u0127u?<\/strong><br><strong><em>Sorpri\u017c<\/em><\/strong><em>, g\u0127ax \u0120es\u00f9 kien mag\u0127ruf u importanti. <strong>Fer\u0127an u e\u010bitat<\/strong>, g\u0127ax \u017cgur ma kienx jistenna li \u0120es\u00f9 jinduna bih. Forsi anke ftit <strong>nervu\u017c<\/strong>, g\u0127ax kien jaf li m\u2019g\u0127amilx dejjem affarijiet tajbin.<\/em><\/li>\n\n\n\n<li><strong>G\u0127aliex il-folla gergret meta \u0120es\u00f9 qal li kien sejjer fid-dar ta\u2019 \u017bakkew?<\/strong><br><em>G\u0127ax \u017bakkew kien ji\u0121bor it-taxxa u n-nies ma kinux i\u0127obbuh. \u0126asbuh midneb u <strong>ma \u0127asbux li \u0120es\u00f9 g\u0127andu jqatta\u2019 l-\u0127in ma\u2019 xi \u0127add b\u0127al \u017bakkew<\/strong>.<\/em><\/li>\n\n\n\n<li><strong>Kif inbidel \u017bakkew wara li ltaqa\u2019 ma\u2019 \u0120es\u00f9?<\/strong><br><em>Idde\u010bieda li jag\u0127ti nofs \u0121idu lill-foqra u jwieg\u0127ed li jrodd lura dak li kien seraq. <strong>Sar bniedem a\u0127jar<\/strong> u <strong>wera li ddispja\u010bih<\/strong> minn dak li g\u0127amel fil-passat.<\/em><\/li>\n\n\n\n<li><strong>G\u0127aliex \u0120es\u00f9 g\u0127a\u017cel li j\u017cur lil \u017bakkew?<\/strong><br><strong><em>Biex isalva ru\u0127 mitlufa<\/em><\/strong><em>, joffri l-ma\u0127fra, ibiddel \u0127ajtu, u juri li l-im\u0127abba t\u2019Alla hi g\u0127al kul\u0127add \u2013 anke g\u0127al dawk li n-nies jg\u0127oddu b\u0127ala mwarrbin. \u0120es\u00f9 nnota l-isforz ta\u2019 \u017bakkew biex jarah, u dan qanqlu biex jersaq lejh.<\/em><\/li>\n<\/ol>\n\n\n\n<p><strong>\ud83d\udfe6<\/strong><strong>Konklu\u017cjoni (2 minuti)<\/strong><br>B\u0127al \u017bakkew, a\u0127na wkoll g\u0127andna n-nuqqasijiet tag\u0127na, imma Alla jarana, j\u0127obbna, u jrid ikun qrib tag\u0127na. Meta nag\u0127mlu sforz biex nersqu lejh u nuru m\u0127abba lejn l-o\u0127rajn, jistg\u0127u ji\u0121ru affarijiet tal-g\u0127a\u0121eb!<\/p>\n\n\n\n<p><strong>Saqsi lit-tfal jekk iridu jg\u0127idu xi talba huma fuq dak li tg\u0127allmu jew fuq xi \u0127a\u0121a o\u0127ra. Spjega kemm jie\u0127u gost \u0120es\u00f9 jisma\u2019 l-\u0127sibijiet u x-xewqat tag\u0127hom.<\/strong><\/p>\n\n\n\n<p><br><strong>\ud83d\ude4f<\/strong><strong> Talba li jistg\u0127u jaqraw kollha flimkien:<\/strong><\/p>\n\n\n\n<p><em>O Alla, grazzi talli tarana u t\u0127obbna, b\u0127alma \u0127abbejt lil \u017bakkew. G\u0127inna neg\u0127lbu l-ostakli tag\u0127na u nuru qalb tajba ma\u2019 kul\u0127add. Ammen.<\/em><\/p>\n<\/div><\/div>\n\n\n\n<div class=\"wp-block-kadence-tab kt-tab-inner-content kt-inner-tab-3 kt-inner-taba54e70-51\"><div class=\"kt-tab-inner-content-inner\">\n<h5 class=\"wp-block-heading\"><strong>MIS-SERJE <em>WHOLESOME<\/em><\/strong><\/h5>\n\n\n\n<h4 class=\"wp-block-heading\"><strong>\ud83d\udcaa<\/strong><strong> <\/strong><strong>BIL-QAWWA TIEG\u0126EK KOLLHA: MILMU\u0126 U MISJUB<\/strong><\/h4>\n\n\n\n<h5 class=\"wp-block-heading\"><em>L-istroja ta\u2019 \u017bakkew (Luqa 19:1-10)<\/em><\/h5>\n\n\n\n<div class=\"wp-block-columns is-layout-flex wp-container-core-columns-is-layout-9d6595d7 wp-block-columns-is-layout-flex\">\n<div class=\"wp-block-column is-layout-flow wp-block-column-is-layout-flow\">\n<div class=\"tb-button\" data-toolset-blocks-button=\"d558f4421f5b78353b4a6607381e0adf\"><a class=\"tb-button__link\" href=\"https:\/\/maltadiocese.sharepoint.com\/:p:\/s\/AoMPublic\/ERahX78P9S1Bpoe3bl7y8XMB4dpiQptRE5JINtL6f5hjpQ?e=kkconG&amp;download=1\"><i class=\"tb-button__icon\"><\/i><span class=\"tb-button__content\"> Pre\u017centazzjoni g\u0127all-Medja<\/span><\/a><\/div>\n<\/div>\n\n\n\n<div class=\"wp-block-column is-layout-flow wp-block-column-is-layout-flow\">\n<div class=\"tb-button\" data-toolset-blocks-button=\"c91e57949e3d2a578682a65e2e8c3f2f\"><a class=\"tb-button__link\" href=\"https:\/\/maltadiocese.sharepoint.com\/:p:\/s\/AoMPublic\/EfbcymC_MSxFtfBASLGk_MkBSSFjch7quhsHkIp49dKxPA?e=CX2JJN&amp;download=1\"><i class=\"tb-button__icon\"><\/i><span class=\"tb-button__content\"> Pre\u017centazzjoni g\u0127as-Sek.<\/span><\/a><\/div>\n<\/div>\n<\/div>\n\n\n\n<div class=\"tb-button\" data-toolset-blocks-button=\"348e8861ce33af5545c455199a916a51\"><a class=\"tb-button__link\" href=\"https:\/\/maltadiocese.sharepoint.com\/:b:\/s\/AoMPublic\/EW2Nu_JFotFLuyAzzp6J7k8BZtCWe0-lKnHRJ3guw64drg?e=mzpjdV&amp;download=1\"><i class=\"tb-button__icon\"><\/i><span class=\"tb-button__content\">Mudell ta&#8217; Si\u0121ra<\/span><\/a><\/div>\n\n\n\n<h5 class=\"wp-block-heading\">\ud83d\udfe6 <strong>INTRODUZZJONI<\/strong> (5 min.):<\/h5>\n\n\n\n<h5 class=\"wp-block-heading\">1. <strong>Ftu\u0127<\/strong><\/h5>\n\n\n\n<ul class=\"wp-block-list\">\n<li>L-animatur jibda\u2019 billi jistaqsi:<\/li>\n<\/ul>\n\n\n\n<p>\ud83d\udc49 \u201cX\u2019ji\u0121i f\u2019mo\u0127\u0127ok meta tisma\u2019 l-kelma \u2018wholesome\u2019?\u201d<\/p>\n\n\n\n<ul class=\"wp-block-list\">\n<li>Ilqa\u2019 ftit risposni u fa\u0127\u0127ar il-kontribuzzjonijiet kollha.           <\/li>\n<\/ul>\n\n\n\n<h5 class=\"wp-block-heading\"> 2. <strong>G\u0127aqqad mis-sensiela<\/strong><\/h5>\n\n\n\n<ul class=\"wp-block-list\">\n<li>Spjega li wholesome tfisser \u201cs\u0127i\u0127, komplut, imwettaq, jew integrat.\u201d<\/li>\n\n\n\n<li><strong>Wholesome: Sensiela ta\u2019 Stejjer<\/strong> tg\u0127ina nespjoraw kif inkunu \u0127a\u0121a wa\u0127da:<\/li>\n<\/ul>\n\n\n\n<p>\ud83d\udc93 b\u2019Qalbna kollha<\/p>\n\n\n\n<p>\ud83e\udde0 b\u2019Mo\u0127\u0127na kollu<\/p>\n\n\n\n<p>\ud83d\udcaa\ud83c\udffc bil-Qawwa kollha (tal-\u0121isem)<\/p>\n\n\n\n<p>\ud83d\udd25 b\u2019Ru\u0127na kollha<\/p>\n\n\n\n<h5 class=\"wp-block-heading\">3. <strong>Ag\u0127ti kuntest<\/strong><\/h5>\n\n\n\n<ul class=\"wp-block-list\">\n<li>\u201cL-istorja tal-lum titkellem fuq il-qawwa jew is-sa\u0127\u0127a \u2013 x\u2019ji\u0121i f\u2019mo\u0127\u0127ok meta tisma\u2019 dawn il-kliem?\u201d<\/li>\n\n\n\n<li>\u201cIva, permezz tal-istorja ta\u2019 \u017bakkew, se nisimg\u0127u fuq<strong> il-\u0127iliet jew il-qawwa fi\u017cika tag\u0127na imma wkoll il-limiti tag\u0127na<\/strong> \u2013 li m\u2019g\u0127andniex na\u0127bu g\u0127ax hemm soluzzjonijiet a\u0127jar li bihom nsibu qawwa \u0121dida. Qed insemmu din l-istorja: <strong>\u201cBil-Qawwa tieg\u0127ek kollha: Milmu\u0127 u Misjub.\u201d<\/strong><\/li>\n<\/ul>\n\n\n\n<h5 class=\"wp-block-heading\">\ud83d\udcd6 <strong>L-EWWEL QARI (Luqa 19:1\u201310) \u2013 Aqra&#8217; l-qari kollu (jekk trid) &#8211; 5 min<\/strong>.<\/h5>\n\n\n\n<ul class=\"wp-block-list\">\n<li>L-Animatur jag\u0127mel is-Sinjal tas-Salib u jaqra l-passa\u0121\u0121 mill-bibbja jew skrin.<\/li>\n\n\n\n<li>Imbag\u0127ad jistaqsi:<\/li>\n\n\n\n<li>\u201c\u0120ieli kont smajt din l-istorja qabel?\u201d<\/li>\n\n\n\n<li>\u201cLaqtek xi \u0127a\u0121a minnha?\u201d<\/li>\n\n\n\n<li>Isma\u2019 ming\u0127ajr \u0121udizzju \u2013 dan huwa mument fejn niltaqg\u0127u mal-istudenti fejn jinsabu.<\/li>\n<\/ul>\n\n\n\n<h5 class=\"wp-block-heading\"><strong>Introdu\u010bi it-3 Punti Prin\u010bipali:<\/strong><\/h5>\n\n\n\n<ul class=\"wp-block-list\">\n<li><strong>Nag\u0127rfu fejn a\u0127na b&#8217;sa\u0127\u0127itna u dg\u0127ajfa &#8211; <\/strong><\/li>\n<\/ul>\n\n\n\n<p><em>Intejbu lilna nfusna ming\u0127ajr ma nne\u0127\u0127u \u0127arsitna minn fuq it-tajjeb<\/em><\/p>\n\n\n\n<ul class=\"wp-block-list\">\n<li><strong>In\u0127allu lilna nfusna nkunu milmu\u0127a lil hinn mill-isforzi tag\u0127na <\/strong><strong>\u2013<\/strong><\/li>\n<\/ul>\n\n\n\n<p><em>M<\/em><em>o\u0127bijin minn \u0127afna, il-b\u017connijiet tag\u0127na mhumiex invi\u017cibbli g\u0127al Alla<\/em><\/p>\n\n\n\n<ul class=\"wp-block-list\">\n<li><strong>Il-qawwa tag\u0127na ssir s\u0127i\u0127a\u00a0 <\/strong><strong>\u2013<\/strong><\/li>\n<\/ul>\n\n\n\n<p><em>Nag\u0127mlu de\u010bi\u017c\u017cjonijiet \u0121odda, konxji li a\u0127na <\/em><em>milmu\u0127a u misjuba.<\/em><\/p>\n\n\n\n<h5 class=\"wp-block-heading\">\ud83d\udfea <strong>PARTI 1 (2 min.) &#8211; Aqra&#8217; versi 1\u20134: <\/strong><\/h5>\n\n\n\n<h5 class=\"wp-block-heading\"><strong>NAG\u0126RFU FEJN A\u0126NA B\u2019SA\u0126\u0126ITNA U DG\u0126AJFA \u2013<\/strong> INTEJBU LILNA NFUSNA MING\u0126AJR MA NNE\u0126\u0126U \u0126ARSITNA MINN FUQ IT-TAJJEB<\/h5>\n\n\n\n<p><strong>Punti + Mistoqsijiet tal-Animatur:<\/strong><\/p>\n\n\n\n<ul class=\"wp-block-list\">\n<li><strong>\u017bakkew kien kurju\u017c biex ikun jaf aktar dwar \u0120es\u00f9 u g\u0127amel sforz fi\u017ciku biex jarah billi xxabbat ma\u2019 si\u0121ra.<\/strong><\/li>\n<\/ul>\n\n\n\n<p>\ud83d\udc49 Fejn t\u0127ossok b\u2019sa\u0127\u0127tek? X\u2019\u0127iliet g\u0127andek inti? Xi sforzi tista\u2019 tag\u0127mel biex issir taf aktar fuq \u0120es\u00f9 jew biex ittejjeb lilek innifsek?<\/p>\n\n\n\n<ul class=\"wp-block-list\">\n<li><strong>Min kien \u017bakkew? Kellu \u0127afna flus imma kien qasir.<\/strong><\/li>\n<\/ul>\n\n\n\n<p>\ud83d\udc49 Nistg\u0127u inkunu g\u0127onja b\u2019\u0127afna modi imma jista\u2019 wkoll inkunu qosra b\u2019diversi modi \u2013 per e\u017c. limiti jew b\u017connijiet. Irrifletti.<\/p>\n\n\n\n<ul class=\"wp-block-list\">\n<li><strong>\u017bakkew kien pubblikan, mistkerra\u0127 minn nies ta\u2019 \u017cmienu u probabilment irritorna l-kumpliment billi kien jisraqhom.<\/strong><\/li>\n<\/ul>\n\n\n\n<p>\ud83d\udc49 G\u0127andna tendenza inbg\u0127atu f\u2019\u010berti relazzjonijiet jew ma\u2019 \u010berti nies \u2013 kif tkampa? \u0120ieli nkomplu nag\u0127xquha?<em><\/em><\/p>\n\n\n\n<h5 class=\"wp-block-heading\">\ud83c\udf33 <strong>Attivit\u00e0: <\/strong>Skuk ta\u2019 \u0127ila (3 min.):<\/h5>\n\n\n\n<ul class=\"wp-block-list\">\n<li>Ag\u0127ti lill-istudenti <strong>si\u0121ra \u017cg\u0127ira tal-karti<\/strong> (jew g\u0127idilhom ipin\u0121uha).<\/li>\n\n\n\n<li>Stedihom sabiex jiktbu xi <strong>\u201c\u0127ila\u201d<\/strong> <strong>li g\u0127andhom biex ifittxu<\/strong> jew <strong>\u201csforz\u201d li jistg\u0127u jag\u0127mlu<\/strong> lejn it-tajjeb fuq iz-zokk tas-si\u0121ra.<\/li>\n\n\n\n<li>Dawn is-si\u0121ar ser jer\u0121g\u0127u jintu\u017caw aktar tard fis-sessjoni.<\/li>\n<\/ul>\n\n\n\n<h5 class=\"wp-block-heading\">\ud83d\udfe8 <strong>PARTI 2 (2 min.) &#8211; Aqra&#8217; vers 5:<\/strong><\/h5>\n\n\n\n<h5 class=\"wp-block-heading\"><strong>IN\u0126ALLU LILNA NFUSNA NKUNU MILMU\u0126A LIL HINN MILL-ISFORZI TAG\u0126NA \u2013 <\/strong>MO\u0126BIJJA MINN \u0126AFNA, IL-B\u017bONNIJIET TAG\u0126NA MHUX INVI\u017bIBBLI G\u0126AL ALLA.<\/h5>\n\n\n\n<p><strong>Punti + Mistoqsijiet tal-Animatur:<\/strong><\/p>\n\n\n\n<ul class=\"wp-block-list\">\n<li><strong>\u017bakkew jitla\u2019 fuq is-si\u0121ra biex jara lil \u0120es\u00f9, imma wkoll biex jag\u0127mel dan ming\u0127ajr \u0127add ma jarah.<\/strong><\/li>\n<\/ul>\n\n\n\n<p><em>\ud83d\udc49<\/em><em> Kultant g\u0127andna \u0127abta na\u0127bu (jew ninjoraw) il-b\u017connijiet tag\u0127na (jew il-valuri) biex nipprote\u0121u lilna nfusna jew biex inkampaw \u2013 Fuq liem \u201csi\u0121ra\u201d tinsab f\u2019\u0127ajtek b\u0127alissa? Kif tkampa mal-b\u017connijiet mhux mil\u0127uqa tieg\u0127ek jew f\u2019ambjent ostili? \u00a0<\/em><\/p>\n\n\n\n<ul class=\"wp-block-list\">\n<li><strong>\u0120es\u00f9 jara lil \u017bakkew u jsejja\u0127u b\u2019ismu biex \u201cisa, in\u017cel minn hemm.\u201d<\/strong><\/li>\n<\/ul>\n\n\n\n<p>\ud83d\udc49<em>\u0120ieli kellek li xi \u0127add li nduna b\u2019dak li qed tag\u0127mel tassew ming\u0127ajrek tlissen biss kelma wa\u0127da? Tista\u2019 tirrikonoxxi xi b\u017conn personali jew relazzjonali li g\u0127andek? <\/em>&nbsp;&nbsp;<\/p>\n\n\n\n<h5 class=\"wp-block-heading\">\ud83c\udfad <strong>Attivit\u00e0: Smaskrat<\/strong> (3 min.):<\/h5>\n\n\n\n<p>Stienden lill-istudenti sabiex<\/p>\n\n\n\n<ul class=\"wp-block-list\">\n<li>jirriflettu fuq xi <strong>b\u017conn personali jew relazzjonali<\/strong> li g\u0127andhom.<\/li>\n\n\n\n<li>Ja\u0127sbu fuq kif jista\u2019 jkun qed <strong>ja\u0127bu jew ma jevitaw<\/strong> l-istess b\u017connijiet.<\/li>\n\n\n\n<li>Itlobhom jiktbuh fuq il-<em>weraq<\/em> tas-si\u0121ra tal-karti.<\/li>\n<\/ul>\n\n\n\n<h5 class=\"wp-block-heading\">\ud83d\udfe9 <strong>PARTI 3 (2 min.) &#8211; Aqra&#8217; versi 6\u20139:<\/strong><\/h5>\n\n\n\n<h5 class=\"wp-block-heading\"><strong>IL-QAWWA TAG\u0126NA SSIR S\u0126I\u0126A\u00a0 \u2013<\/strong> NAG\u0126MLU DE\u010aI\u017b\u017bJONIJIET \u0120ODDA, KONXJI LI A\u0126NA MILMU\u0126A U MISJUBA.<\/h5>\n\n\n\n<p><strong>Punti + Mistoqsijiet tal-Animatur:<\/strong><\/p>\n\n\n\n<ul class=\"wp-block-list\">\n<li><strong>\u017bakkew \u0127assu sikur biex jin\u017cel mis-si\u0121ra g\u0127ax \u0120es\u00f9 rah u ma \u0121\u0121udikahx.<\/strong><\/li>\n<\/ul>\n\n\n\n<p><em>\ud83d\udc49<\/em><em> Kif t\u0127ossok kieku xi \u0127add jarak il-b\u017connijiet jew il-valuri tieg\u0127ek jew dak li g\u0127addej minnu u laqak? Jista\u2019 jkun xi \u0127add qalbu tajba li lest joffrilek g\u0127ajnuna jew xi \u0127add li tista\u2019 tafda.<\/em><\/p>\n\n\n\n<ul class=\"wp-block-list\">\n<li><strong>\u017bakkew \u201cwieqaf\u201d huwa sinjal li kien kiseb qawwa \u0121dida.<\/strong><\/li>\n<\/ul>\n\n\n\n<p><em>\ud83d\udc49<\/em><em> Min fil-\u0127ajja tieg\u0127ek qed jistiednek biex flok tista\u0127ba tkun tista\u2019 \u201ctieqaf\u201d sod u bla bi\u017ca\u2019? <\/em><em><\/em><\/p>\n\n\n\n<ul class=\"wp-block-list\">\n<li><strong>\u017bakkew g\u0127amel g\u0127a\u017cliet \u0121odda f\u2019\u0127ajtu, mhux g\u0127ax be\u017ca\u2019 mill-pressjoni imma g\u0127ax fer\u0127an li issa sab qawwa \u0121dida.<\/strong><\/li>\n<\/ul>\n\n\n\n<p><em>\ud83d\udc49<\/em><em> Kultant, l-ewwel inkunu rridu nsibu qawwa \u0121dida qabel inkunu nistg\u0127u na\u0127sbu fl-o\u0127rajn. X\u2019tirran\u0121a fir-rigward tar-relazzjonijiet tieg\u0127ek, kieku ting\u0127atalek qawwa \u0121dida?<\/em><em><\/em><\/p>\n\n\n\n<h5 class=\"wp-block-heading\">\ud83e\udd1d <strong>Attivit\u00e0: <\/strong>Milmu\u0127 u Misjub (3 min.):<\/h5>\n\n\n\n<ul class=\"wp-block-list\">\n<li>Stieden lill-istudenti sabiex iduru fuq xi \u0127add vi\u010bin.<\/li>\n\n\n\n<li>Kull persuna tista\u2019:<\/li>\n\n\n\n<li>Taqsam il-b\u017connijiet li kitbet fuq is-si\u0121ra tal-karti.<\/li>\n\n\n\n<li>T\u0127e\u0121\u0121e\u0121 u titlob g\u0127al xulxin.<\/li>\n\n\n\n<li>Tispi\u010b\u010ba billi jiktbu fuq ta\u2019 xulxin: \u201cMilmu\u0127 u Misjub.\u201d<\/li>\n<\/ul>\n\n\n\n<h5 class=\"wp-block-heading\">\ud83d\ude4f <strong>G\u0126ELUQ<\/strong><\/h5>\n\n\n\n<ul class=\"wp-block-list\">\n<li>\u0120es\u00f9 jrid ji\u0121i g\u0127andek ukoll: talba qasira g\u0127all-fejqan:<\/li>\n<\/ul>\n\n\n\n<p>&#8220;Mulej, anke meta j\u0127osnna mo\u0127bijja, fil-b\u017conn, jew wa\u0127edna \u2013 Int tarana. Int tistedinna biex nin\u017clu u nimxu mieg\u0127ek. Grazzi talli toffrilna l-fejqan u qawwa \u0121dida. G\u0127ina nu\u017caw din il-qawwa biex nie\u0127du \u0127sieb lil xulxin. Ammen.&#8221;<\/p>\n<\/div><\/div>\n<\/div><\/div><\/div>\n\n\n<a class=\"print-page button\" href=\"javascript:window.print();\"><i class=\"far fa-print\"><\/i> Ipprintja l-pa\u0121na<\/a>\n\n\n\n<hr class=\"wp-block-separator has-alpha-channel-opacity\"\/>\n\n\n\n<h3 class=\"wp-block-heading\">Programmes<\/h3>\n\n\n\n\n\n\n<div id=\"wpv-view-layout-8611-CATTR46b6ae937d86f0f5f3a5ab5c67f11b37TCPID232277\" class=\"js-wpv-view-layout js-wpv-layout-responsive js-wpv-view-layout-8611-CATTR46b6ae937d86f0f5f3a5ab5c67f11b37TCPID232277\" data-viewnumber=\"8611-CATTR46b6ae937d86f0f5f3a5ab5c67f11b37TCPID232277\" data-pagination=\"{&quot;id&quot;:8611,&quot;query&quot;:&quot;normal&quot;,&quot;type&quot;:&quot;disabled&quot;,&quot;effect&quot;:&quot;fade&quot;,&quot;duration&quot;:500,&quot;speed&quot;:5,&quot;pause_on_hover&quot;:&quot;disabled&quot;,&quot;stop_rollover&quot;:&quot;false&quot;,&quot;cache_pages&quot;:&quot;enabled&quot;,&quot;preload_images&quot;:&quot;enabled&quot;,&quot;preload_pages&quot;:&quot;enabled&quot;,&quot;preload_reach&quot;:1,&quot;spinner&quot;:&quot;builtin&quot;,&quot;spinner_image&quot;:&quot;https:\/\/sds.mt\/wp-content\/plugins\/toolset-blocks\/embedded\/res\/img\/ajax-loader.gif&quot;,&quot;callback_next&quot;:&quot;&quot;,&quot;manage_history&quot;:&quot;enabled&quot;,&quot;has_controls_in_form&quot;:&quot;disabled&quot;,&quot;infinite_tolerance&quot;:&quot;0&quot;,&quot;max_pages&quot;:0,&quot;page&quot;:1,&quot;base_permalink&quot;:&quot;\/mt\/wp-json\/wp\/v2\/posts\/232277?wpv_view_count=8611-CATTR46b6ae937d86f0f5f3a5ab5c67f11b37TCPID232277&amp;wpv_paged=WPV_PAGE_NUM&quot;,&quot;loop&quot;:{&quot;type&quot;:&quot;&quot;,&quot;name&quot;:&quot;&quot;,&quot;data&quot;:[],&quot;id&quot;:0}}\" data-permalink=\"\/mt\/wp-json\/wp\/v2\/posts\/232277?wpv_view_count=8611-CATTR46b6ae937d86f0f5f3a5ab5c67f11b37TCPID232277\">\n\n\t\n\t\n\t<table width=\"100%\" class=\"pa-rl wpv-loop js-wpv-loop\" cellspacing=\"5\">\n\t\n\t\t\n\t\t<tr>\n\t\t\t<td class=\"smaller\">\n\t\t\t\t\n<figure class=\"wp-block-image tb-image tb-image-dynamic\" data-toolset-blocks-image=\"4237204bb0f2388c8cd0daeb4e0ed893\"><a href=\"https:\/\/sds.mt\/mt\/programmes\/with-reading-and-writing-i-find-a-beloved-space\/\"><img loading=\"lazy\" loading=\"lazy\" loading=\"lazy\" decoding=\"async\" width=\"8375\" height=\"8375\" loading=\"lazy\" src=\"https:\/\/sds.mt\/wp-content\/uploads\/2023\/07\/Spazju-ghal-Qalbi_EN.jpg\" alt=\"\" class=\"wp-image-147146\"\/><\/a><\/figure>\n\n\n\n<h3 class=\"wp-block-heading\"><strong><a href=\"https:\/\/sds.mt\/mt\/programmes\/with-reading-and-writing-i-find-a-beloved-space\/\">With Reading and Writing, I find a Beloved Space<\/a><\/strong><\/h3>\n\n\n<p><\/p>\n\n\t\t\t<\/td>\n\t\t\n\t\t\n\t\t\t<td class=\"smaller\">\n\t\t\t\t\n<figure class=\"wp-block-image tb-image tb-image-dynamic\" data-toolset-blocks-image=\"4237204bb0f2388c8cd0daeb4e0ed893\"><a href=\"https:\/\/sds.mt\/mt\/programmes\/journeying-together\/\"><img loading=\"lazy\" loading=\"lazy\" loading=\"lazy\" decoding=\"async\" width=\"2499\" height=\"1666\" loading=\"lazy\" src=\"https:\/\/sds.mt\/wp-content\/uploads\/2023\/07\/ST1_1145-2012023-101250.jpg\" alt=\"\" class=\"wp-image-149254\" srcset=\"https:\/\/sds.mt\/wp-content\/uploads\/2023\/07\/ST1_1145-2012023-101250.jpg 2499w, https:\/\/sds.mt\/wp-content\/uploads\/2023\/07\/ST1_1145-2012023-101250-300x200.jpg 300w, https:\/\/sds.mt\/wp-content\/uploads\/2023\/07\/ST1_1145-2012023-101250-1024x683.jpg 1024w, https:\/\/sds.mt\/wp-content\/uploads\/2023\/07\/ST1_1145-2012023-101250-768x512.jpg 768w, https:\/\/sds.mt\/wp-content\/uploads\/2023\/07\/ST1_1145-2012023-101250-1536x1024.jpg 1536w, https:\/\/sds.mt\/wp-content\/uploads\/2023\/07\/ST1_1145-2012023-101250-2048x1365.jpg 2048w, https:\/\/sds.mt\/wp-content\/uploads\/2023\/07\/ST1_1145-2012023-101250-640x427.jpg 640w, https:\/\/sds.mt\/wp-content\/uploads\/2023\/07\/ST1_1145-2012023-101250-800x533.jpg 800w, https:\/\/sds.mt\/wp-content\/uploads\/2023\/07\/ST1_1145-2012023-101250-1200x800.jpg 1200w, https:\/\/sds.mt\/wp-content\/uploads\/2023\/07\/ST1_1145-2012023-101250-20x13.jpg 20w\" sizes=\"auto, (max-width: 2499px) 100vw, 2499px\" \/><\/a><\/figure>\n\n\n\n<h3 class=\"wp-block-heading\"><strong><a href=\"https:\/\/sds.mt\/mt\/programmes\/journeying-together\/\">Journeying Together session<\/a><\/strong><\/h3>\n\n\n<p><\/p>\n\n\t\t\t<\/td>\n\t\t\n\t\t\n\t\t\t<td class=\"smaller\">\n\t\t\t\t\n<figure class=\"wp-block-image tb-image tb-image-dynamic\" data-toolset-blocks-image=\"4237204bb0f2388c8cd0daeb4e0ed893\"><a href=\"https:\/\/sds.mt\/mt\/programmes\/prayer-spaces\/\"><img loading=\"lazy\" loading=\"lazy\" loading=\"lazy\" decoding=\"async\" width=\"1702\" height=\"1489\" loading=\"lazy\" src=\"https:\/\/sds.mt\/wp-content\/uploads\/2023\/08\/Prayer-Spaces-Malta-Color.png\" alt=\"\" class=\"wp-image-150095\" srcset=\"https:\/\/sds.mt\/wp-content\/uploads\/2023\/08\/Prayer-Spaces-Malta-Color.png 1702w, https:\/\/sds.mt\/wp-content\/uploads\/2023\/08\/Prayer-Spaces-Malta-Color-300x262.png 300w, https:\/\/sds.mt\/wp-content\/uploads\/2023\/08\/Prayer-Spaces-Malta-Color-1024x896.png 1024w, https:\/\/sds.mt\/wp-content\/uploads\/2023\/08\/Prayer-Spaces-Malta-Color-768x672.png 768w, https:\/\/sds.mt\/wp-content\/uploads\/2023\/08\/Prayer-Spaces-Malta-Color-1536x1344.png 1536w, https:\/\/sds.mt\/wp-content\/uploads\/2023\/08\/Prayer-Spaces-Malta-Color-640x560.png 640w, https:\/\/sds.mt\/wp-content\/uploads\/2023\/08\/Prayer-Spaces-Malta-Color-800x700.png 800w, https:\/\/sds.mt\/wp-content\/uploads\/2023\/08\/Prayer-Spaces-Malta-Color-1200x1050.png 1200w\" sizes=\"auto, (max-width: 1702px) 100vw, 1702px\" \/><\/a><\/figure>\n\n\n\n<h3 class=\"wp-block-heading\"><strong><a href=\"https:\/\/sds.mt\/mt\/programmes\/prayer-spaces\/\">Prayer Spaces<\/a><\/strong><\/h3>\n\n\n<p><\/p>\n\n\t\t\t<\/td>\n\t\t<\/tr>\n\t\t\n\t<\/table>\n\t\n\t\n\t\n<\/div>\n\n\n\n\n<h5 class=\"wp-block-heading\">Explore more <a rel=\"noreferrer noopener\" href=\"https:\/\/sds.mt\/programmes\/\" target=\"_blank\">Programmes<\/a><\/h5>\n","protected":false},"excerpt":{"rendered":"<\/p>\n<p>       \ud83d\udcaaMIS-SERJE WHOLESOME &#8211; BIL-QAWWA TIEG\u0126EK KOLLHA: MILMU\u0126 U MISJUB  Ibba\u017cata fuq il-\u0121rajja ta\u2019 \u017bakkew (Luqa 19:1-10)    <a class=\"tb-button__link\" href=\"https:\/\/maltadiocese.sharepoint.com\/:p:\/s\/AoMPublic\/EWi6Ll0fnpdPkQcWmuWr6hMBgvi6AmCL4IYsG14pR5DYOw?e=1RYQXO&amp;download=1\"><i class=\"tb-button__icon\"><\/i> Pre\u017centazzjoni<\/a>    <a class=\"tb-button__link\" href=\"https:\/\/maltadiocese.sharepoint.com\/:b:\/s\/AoMPublic\/EXGXMAx9IfdIgHtynHs_LgIBs7lVKUwBQ4qeDaCWNMjX4Q?e=epfZdg&amp;download=1\"><i class=\"tb-button__icon\"><\/i> Storja<\/a>    \ud83d\udc49 G\u0127an:  <\/p>\n<p>It &#8211; tfal se jifhmu li Alla jarahom u j\u0127obbhom anki meta ji\u017cbaljaw jew i\u0127ossuhom \u017cg\u0127ar. Huma se jitg\u0127allmu, permezz ta\u2019 \u017bakkew, li jekk jipprovaw kemm jifil\u0127u jkunu qrib ta\u2019 \u0120es\u00f9 tista\u2019 tg\u0127inhom ikunu kura\u0121\u0121u\u017ci u ta\u2019 qalbhom tajba&#8230;<\/p>\n<p> <a href=\"https:\/\/sds.mt\/mt\/wholesome-bil-qawwa-tieghek-kollha\/\">Kompli aqra&#160;&raquo;<\/a><\/p>\n","protected":false},"author":2,"featured_media":232128,"comment_status":"closed","ping_status":"closed","sticky":false,"template":"","format":"standard","meta":{"footnotes":""},"categories":[437],"tags":[],"class_list":["post-232277","post","type-post","status-publish","format-standard","has-post-thumbnail","hentry","category-wholesome-25-26-mt"],"toolset-meta":{"custom-fields":{"subtitle":{"type":"textfield","raw":""}}},"_links":{"self":[{"href":"https:\/\/sds.mt\/mt\/wp-json\/wp\/v2\/posts\/232277","targetHints":{"allow":["GET"]}}],"collection":[{"href":"https:\/\/sds.mt\/mt\/wp-json\/wp\/v2\/posts"}],"about":[{"href":"https:\/\/sds.mt\/mt\/wp-json\/wp\/v2\/types\/post"}],"author":[{"embeddable":true,"href":"https:\/\/sds.mt\/mt\/wp-json\/wp\/v2\/users\/2"}],"replies":[{"embeddable":true,"href":"https:\/\/sds.mt\/mt\/wp-json\/wp\/v2\/comments?post=232277"}],"version-history":[{"count":9,"href":"https:\/\/sds.mt\/mt\/wp-json\/wp\/v2\/posts\/232277\/revisions"}],"predecessor-version":[{"id":232615,"href":"https:\/\/sds.mt\/mt\/wp-json\/wp\/v2\/posts\/232277\/revisions\/232615"}],"wp:featuredmedia":[{"embeddable":true,"href":"https:\/\/sds.mt\/mt\/wp-json\/wp\/v2\/media\/232128"}],"wp:attachment":[{"href":"https:\/\/sds.mt\/mt\/wp-json\/wp\/v2\/media?parent=232277"}],"wp:term":[{"taxonomy":"category","embeddable":true,"href":"https:\/\/sds.mt\/mt\/wp-json\/wp\/v2\/categories?post=232277"},{"taxonomy":"post_tag","embeddable":true,"href":"https:\/\/sds.mt\/mt\/wp-json\/wp\/v2\/tags?post=232277"}],"curies":[{"name":"wp","href":"https:\/\/api.w.org\/{rel}","templated":true}]}}