{"id":14279,"date":"2022-12-24T01:16:00","date_gmt":"2022-12-24T00:16:00","guid":{"rendered":"https:\/\/sds.mt\/?p=14279"},"modified":"2022-12-26T11:17:07","modified_gmt":"2022-12-26T10:17:07","slug":"paci-ferrieha","status":"publish","type":"post","link":"https:\/\/sds.mt\/mt\/paci-ferrieha\/","title":{"rendered":"Pa\u010bi Ferrie\u0127a"},"content":{"rendered":"<style>.kt-tabs-id_6fcdcd-32 > .kt-tabs-content-wrap > .wp-block-kadence-tab{border-top-width:1px;border-right-width:1px;border-bottom-width:1px;border-left-width:1px;border-color:#bcbcbc;border-top-left-radius:0px;border-top-right-radius:0px;border-bottom-right-radius:0px;border-bottom-left-radius:0px;padding-top:var(--global-kb-spacing-sm, 1.5rem);padding-right:var(--global-kb-spacing-sm, 1.5rem);padding-bottom:var(--global-kb-spacing-sm, 1.5rem);padding-left:var(--global-kb-spacing-sm, 1.5rem);background:#ffffff;}.wp-block-kadence-tabs .kt-tabs-id_6fcdcd-32 > .kt-tabs-title-list li{margin-top:0px;margin-right:8px;margin-bottom:-1px;margin-left:0px;}.wp-block-kadence-tabs .kt-tabs-id_6fcdcd-32 > .kt-tabs-title-list li:last-child{margin-right:0px;}.wp-block-kadence-tabs .kt-tabs-id_6fcdcd-32 > .kt-tabs-title-list li .kt-tab-title, .wp-block-kadence-tabs .kt-tabs-id_6fcdcd-32 > .kt-tabs-content-wrap > .kt-tabs-accordion-title .kt-tab-title{line-height:1.4em;font-weight:regular;font-style:normal;border-top-width:1px;border-right-width:1px;border-bottom-width:0px;border-left-width:1px;border-top-left-radius:4px;border-top-right-radius:4px;border-bottom-right-radius:0px;border-bottom-left-radius:0px;padding-top:8px;padding-right:20px;padding-bottom:8px;padding-left:20px;border-color:#eeeeee;color:#444444;background:#eeeeee;}.wp-block-kadence-tabs .kt-tabs-id_6fcdcd-32 > .kt-tabs-content-wrap > .kt-tabs-accordion-title .kt-tab-title{margin-top:0px;margin-right:8px;margin-bottom:-1px;margin-left:0px;}.wp-block-kadence-tabs .kt-tabs-id_6fcdcd-32 > .kt-tabs-title-list li .kt-tab-title:hover, .wp-block-kadence-tabs .kt-tabs-id_6fcdcd-32 > .kt-tabs-content-wrap > .kt-tabs-accordion-title .kt-tab-title:hover{border-color:#e2e2e2;color:#444444;background:#ffffff;}.wp-block-kadence-tabs .kt-tabs-id_6fcdcd-32 > .kt-tabs-title-list li.kt-tab-title-active .kt-tab-title, .wp-block-kadence-tabs .kt-tabs-id_6fcdcd-32 > .kt-tabs-content-wrap > .kt-tabs-accordion-title.kt-tab-title-active .kt-tab-title{border-color:#bcbcbc;color:#444444;background:#ffffff;}<\/style>\n<div class=\"wp-block-kadence-tabs alignnone\"><div class=\"kt-tabs-wrap kt-tabs-id_6fcdcd-32 kt-tabs-has-4-tabs kt-active-tab-4 kt-tabs-layout-tabs kt-tabs-tablet-layout-inherit kt-tabs-mobile-layout-inherit kt-tab-alignment-left \" style=\"max-width:none\"><ul class=\"kt-tabs-title-list\"><li id=\"tab-strongbikrinstrong\" class=\"kt-title-item kt-title-item-1 kt-tabs-svg-show-always kt-tabs-icon-side-right kt-tab-title-inactive\"><a href=\"#tab-strongbikrinstrong\" data-tab=\"1\" class=\"kt-tab-title kt-tab-title-1 \"><span class=\"kt-title-text\"><strong>Bikrin<\/strong><\/span><\/a><\/li><li id=\"tab-strongprimarjastrong\" class=\"kt-title-item kt-title-item-2 kt-tabs-svg-show-always kt-tabs-icon-side-right kt-tab-title-inactive\"><a href=\"#tab-strongprimarjastrong\" data-tab=\"2\" class=\"kt-tab-title kt-tab-title-2 \"><span class=\"kt-title-text\"><strong>Primarja<\/strong><\/span><\/a><\/li><li id=\"tab-strongmedjastrong\" class=\"kt-title-item kt-title-item-3 kt-tabs-svg-show-always kt-tabs-icon-side-right kt-tab-title-inactive\"><a href=\"#tab-strongmedjastrong\" data-tab=\"3\" class=\"kt-tab-title kt-tab-title-3 \"><span class=\"kt-title-text\"><strong>Medja<\/strong><\/span><\/a><\/li><li id=\"tab-strongsekondarjastrong\" class=\"kt-title-item kt-title-item-4 kt-tabs-svg-show-always kt-tabs-icon-side-right kt-tab-title-active\"><a href=\"#tab-strongsekondarjastrong\" data-tab=\"4\" class=\"kt-tab-title kt-tab-title-4 \"><span class=\"kt-title-text\"><strong>Sekondarja<\/strong><\/span><\/a><\/li><\/ul><div class=\"kt-tabs-content-wrap\">\n<div class=\"wp-block-kadence-tab kt-tab-inner-content kt-inner-tab-1 kt-inner-tab_245693-9c\"><div class=\"kt-tab-inner-content-inner\">\n<div class=\"tb-button\" data-toolset-blocks-button=\"bc31a49c346568792ad927bf42e5ece1\"><a class=\"tb-button__link\" href=\"https:\/\/maltadiocese.sharepoint.com\/:p:\/s\/AoMPublic\/EWgp0USo6AZDmPZVMlUyAm4B9HmffB9FvWQ63neuHmvfhw?e=nf1Vnw&amp;download=1\"><i class=\"tb-button__icon\"><\/i><span class=\"tb-button__content\">  Pre\u017centazzjoni <\/span><\/a><\/div>\n\n\n\n<h3 class=\"wp-block-heading\">Mer\u0127ba<\/h3>\n\n\n\n<p>Il-kap tal-iskola, membru tat-tmexxija tal-iskola jew edukatur li jkun qed imexxi l-assembly jag\u0127ti mer\u0127ba lill-istudenti billi flimkien iroddu s-salib u jag\u0127mlu minuta fis-skiet.<\/p>\n\n\n\n<h3 class=\"wp-block-heading\">Riflessjoni<\/h3>\n\n\n\n<p>Ninsabu fi \u017cmien l-G\u0127id! L-G\u0127id ifisser \u0120es\u00f9 qam mill-mewt u jinsab mag\u0127na! Ejjew naqsmu dan il-pa\u010bi ta\u2019 \u0120es\u00f9 billi nkantaw.<\/p>\n\n\n\n<h3 class=\"wp-block-heading\">Kanzunetta<\/h3>\n\n\n\n<figure class=\"wp-block-embed is-type-video is-provider-youtube wp-block-embed-youtube wp-embed-aspect-16-9 wp-has-aspect-ratio\"><div class=\"wp-block-embed__wrapper\">\n<iframe title=\"My Happy Song | + More Kids Songs | Super Simple Songs\" width=\"800\" height=\"450\" src=\"https:\/\/www.youtube.com\/embed\/RE29EUeJAb0?feature=oembed\" frameborder=\"0\" allow=\"accelerometer; autoplay; clipboard-write; encrypted-media; gyroscope; picture-in-picture\" allowfullscreen><\/iframe>\n<\/div><\/figure>\n\n\n\n<h3 class=\"wp-block-heading\">Attivit\u00e0<\/h3>\n\n\n\n<ol class=\"wp-block-list\" type=\"1\"><li>Ag\u0127mel ftit background music tal-g\u0127a\u017cla tieg\u0127ek. <\/li><li>Xi studenti jdoqqu xi strumenti (\u0121ugarelli), u jkantaw u ji\u017cfnu biex tin\u0127oloq atmosfera ta\u2019 fer\u0127 g\u0127al \u0120es\u00f9. (Salm 98:4-6)<\/li><\/ol>\n\n\n\n<h3 class=\"wp-block-heading\">Talba<\/h3>\n\n\n\n<p>Mulej Alla, g\u0127inni n\u017comm il-pa\u010bi billi nag\u0127mel lill-o\u0127rajn fer\u0127anin. Ammen.<\/p>\n<\/div><\/div>\n\n\n\n<div class=\"wp-block-kadence-tab kt-tab-inner-content kt-inner-tab-2 kt-inner-tab_a81652-01\"><div class=\"kt-tab-inner-content-inner\">\n<div class=\"tb-button\" data-toolset-blocks-button=\"82e1f00cbc71eba9dc9e0387554352a3\"><a class=\"tb-button__link\" href=\"https:\/\/maltadiocese.sharepoint.com\/:p:\/s\/AoMPublic\/EVTf98Kk33lMhiQbC1jGLZIB3P5vFIzbe9Oxn0_fY1MPVA?e=JFWWGl&amp;download=1\"><i class=\"tb-button__icon\"><\/i><span class=\"tb-button__content\">  Pre\u017centazzjoni<\/span><\/a><\/div>\n\n\n\n<h3 class=\"wp-block-heading\">Mer\u0127ba<\/h3>\n\n\n\n<p>Il-kap tal-iskola, membru tat-tmexxija tal-iskola jew edukatur li jkun qed imexxi l-assembly jag\u0127ti mer\u0127ba lill-istudenti billi flimkien iroddu s-salib u jag\u0127mlu minuta fis-skiet.<\/p>\n\n\n\n<h3 class=\"wp-block-heading\">Riflessjoni<\/h3>\n\n\n\n<p>B\u0127alissa l-Insara qed jg\u0127ixu fi \u017cmien l-G\u0127id! Dan g\u0127aliex \u0120es\u00f9 qam u jinsab mag\u0127na. G\u0127alhekk nifir\u0127u g\u0127ax m\u2019a\u0127niex wa\u0127edna fid-diffikultajiet tag\u0127na jew meta n\u0127ossuna wa\u0127edna. Il-pa\u010bi ta\u2019 \u0120es\u00f9 tkun fina u b\u2019hekk jikber il-fer\u0127. Iktar ma nkunu kuntenti iktar ikollna s-sa\u0127\u0127a li nkunu mag\u0127qudin ma\u2019 Alla, bejnietna u mal-\u0127olqien kollu.<\/p>\n\n\n\n<h3 class=\"wp-block-heading\">Film Qasir<\/h3>\n\n\n\n<figure class=\"wp-block-embed is-type-video is-provider-youtube wp-block-embed-youtube wp-embed-aspect-4-3 wp-has-aspect-ratio\"><div class=\"wp-block-embed__wrapper\">\n<iframe title=\"The Joy Of Sacrifice | Short Film | Naik Foundation\" width=\"800\" height=\"600\" src=\"https:\/\/www.youtube.com\/embed\/gW8e3pZ80_Y?feature=oembed\" frameborder=\"0\" allow=\"accelerometer; autoplay; clipboard-write; encrypted-media; gyroscope; picture-in-picture\" allowfullscreen><\/iframe>\n<\/div><\/figure>\n\n\n\n<p>\u0126in tal-film 1min 35 sec<\/p>\n\n\n\n<h3 class=\"wp-block-heading\">Attivit\u00e0<\/h3>\n\n\n\n<p>Matul dan ix-xahar l-istudenti iqasqsu \u010brieki u jistepiljawhom fuq in-na\u0127a tax-xellug. Meta jkunu jixtiequ jpin\u0121u u j\u017cejnu \u010b-\u010brieki b\u2019u\u010bu\u0127 fer\u0127ana differenti u hekk ikunu qed jiffurmaw ktejjeb tal-fer\u0127.<\/p>\n\n\n\n<figure class=\"wp-block-image size-large\"><img fetchpriority=\"high\" decoding=\"async\" width=\"1024\" height=\"692\" src=\"https:\/\/sds.mt\/wp-content\/uploads\/2022\/08\/image-4-1024x692.png\" alt=\"\" class=\"wp-image-14223\" srcset=\"https:\/\/sds.mt\/wp-content\/uploads\/2022\/08\/image-4-1024x692.png 1024w, https:\/\/sds.mt\/wp-content\/uploads\/2022\/08\/image-4-300x203.png 300w, https:\/\/sds.mt\/wp-content\/uploads\/2022\/08\/image-4-768x519.png 768w, https:\/\/sds.mt\/wp-content\/uploads\/2022\/08\/image-4-1536x1038.png 1536w, https:\/\/sds.mt\/wp-content\/uploads\/2022\/08\/image-4-800x541.png 800w, https:\/\/sds.mt\/wp-content\/uploads\/2022\/08\/image-4-1200x811.png 1200w, https:\/\/sds.mt\/wp-content\/uploads\/2022\/08\/image-4.png 1656w\" sizes=\"(max-width: 1024px) 100vw, 1024px\" \/><\/figure>\n\n\n\n<h3 class=\"wp-block-heading\">Talba<\/h3>\n\n\n\n<p>Grazzi \u0120es\u00f9 li qomt mill-imwiet u salvajtna. G\u0127inna biex inkomplu nwasslu ma kullimkien dan il-fer\u0127 li ma jispi\u010b\u010bax. Ammen.<\/p>\n<\/div><\/div>\n\n\n\n<div class=\"wp-block-kadence-tab kt-tab-inner-content kt-inner-tab-3 kt-inner-tab_47df87-90\"><div class=\"kt-tab-inner-content-inner\">\n<div class=\"tb-button\" data-toolset-blocks-button=\"afbea32edeb965c60da184d795ac5dcc\"><a class=\"tb-button__link\" href=\"https:\/\/maltadiocese.sharepoint.com\/:p:\/s\/AoMPublic\/Ee91bczxsQRGoMRF7QVhhvcBA9uJwRgbGA0fjb7kb5F0kg?e=S6q6WP&amp;download=1\"><i class=\"tb-button__icon\"><\/i><span class=\"tb-button__content\"> Pre\u017centazzjoni <\/span><\/a><\/div>\n\n\n\n<h3 class=\"wp-block-heading\">Mer\u0127ba<\/h3>\n\n\n\n<p>Il-Kap tal-iskola, SLT jew edukatur li qed imexxi l-assemblea jilqa\u2019 lill-istudenti billi jg\u0127id l-g\u0127odwa t-tajba. Jista&#8217; jibda&nbsp; bis-sinjal tas-salib jew minuta fis-skiet.<\/p>\n\n\n\n<h3 class=\"wp-block-heading\">Introduzzjoni<\/h3>\n\n\n\n<p><em>Slide <\/em>2<\/p>\n\n\n\n<p>\u0126afna nies fid-dinja j\u0127ossuhom wa\u0127edhom. G\u0127alhekk hu importanti kemm g\u0127as-so\u010bjeta\u2019 kif ukoll g\u0127all-iskola tag\u0127na li titg\u0127allem ta\u0127dem ma\u2019 o\u0127rajn \u0121o tim u li nibnu komunita\u2019 flimkien.<\/p>\n\n\n\n<h3 class=\"wp-block-heading\">Riflessjoni<\/h3>\n\n\n\n<p>Slide 3<\/p>\n\n\n\n<p>Meta ta\u0127dem f&#8217;tim jew ma\u2019 grupp titg\u0127allem kif g\u0127andek i\u0121\u0121ib ru\u0127ek mal-o\u0127rajn, titg\u0127allem tisma&#8217; lil \u0127addie\u0127or, tikkomunika l-ideat u l-opinjonijiet tieg\u0127ek u tirrispetta l-opinjonijiet u l-opinjonijiet ta&#8217; \u0127addie\u0127or anke meta ma taqbilx mag\u0127hom. <\/p>\n\n\n\n<p><em>Slide <\/em>4<\/p>\n\n\n\n<p>F\u2019tim, kull persuna g\u0127andha rwol importanti. <\/p>\n\n\n\n<p><em>Slide <\/em>5<\/p>\n\n\n\n<p>B\u0127ala membru ta\u2019tim, ma tistax t\u0127alli x-xog\u0127ol iebes g\u0127al \u0127addie\u0127or imma trid titg\u0127allem tkun responsabbli u tag\u0127mel dmirek. Fi grupp nistg\u0127u nitg\u0127allmu ninnegozjaw, in\u010bedu u nil\u0127qu kompromess meta ma naqblux.<\/p>\n\n\n\n<p><em>Slide <\/em>6<\/p>\n\n\n\n<p>Tim isir komunit\u00e0 meta l-membri tieg\u0127u jie\u0127du \u0127sieb xulxin, jappo\u0121\u0121jaw u jg\u0127inu lil xulxin.<\/p>\n\n\n\n<h3 class=\"wp-block-heading\"><strong>Vidjo<\/strong><\/h3>\n\n\n\n<p>Ejjew naraw dan il-filmat dwar is-solidarjet\u00e0:<\/p>\n\n\n\n<figure class=\"wp-block-embed is-type-video is-provider-youtube wp-block-embed-youtube wp-embed-aspect-16-9 wp-has-aspect-ratio\"><div class=\"wp-block-embed__wrapper\">\n<iframe title=\"Solidarity\" width=\"800\" height=\"450\" src=\"https:\/\/www.youtube.com\/embed\/Ou1UjR0ITKE?feature=oembed\" frameborder=\"0\" allow=\"accelerometer; autoplay; clipboard-write; encrypted-media; gyroscope; picture-in-picture\" allowfullscreen><\/iframe>\n<\/div><\/figure>\n\n\n\n<h3 class=\"wp-block-heading\">Talba<\/h3>\n\n\n\n<p><em>Slide 7<\/em><\/p>\n\n\n\n<p>O Alla, g\u0127inna nitg\u0127allmu kif na\u0127dmu tajjeb flimkien \u0127alli nisimg\u0127u b&#8217;rispett lil xulxin, naqsmu t-talenti, il-\u0127iliet u l-ideat tag\u0127na u napprezzaw il-kwalitajiet tajbin ta\u2019 kull persuna. G\u0127inna biex inkunu \u0121entili u na\u010b\u010bettaw il-b\u017connijiet ta&#8217; \u0127addie\u0127or sabiex inkunu nistg\u0127u nag\u0127mlu differenza u n\u0121ibu pa\u010bi ferrie\u0127a lid-dinja. Ammen.<\/p>\n<\/div><\/div>\n\n\n\n<div class=\"wp-block-kadence-tab kt-tab-inner-content kt-inner-tab-4 kt-inner-tab_bb8c5a-c1\"><div class=\"kt-tab-inner-content-inner\">\n<div class=\"tb-button\" data-toolset-blocks-button=\"17ee923d5c15ff73a072fc6012537c80\"><a class=\"tb-button__link\" href=\"https:\/\/maltadiocese.sharepoint.com\/:p:\/s\/AoMPublic\/EfERFmY6yRJEhHJaJ6VipwgB0gDksrvilIMB4LFEoAotIA?e=ezjyxt&amp;download=1\"><i class=\"tb-button__icon\"><\/i><span class=\"tb-button__content\"> Pre\u017centazzjoni <\/span><\/a><\/div>\n\n\n\n<h3 class=\"wp-block-heading\">Mer\u0127ba<\/h3>\n\n\n\n<p>Il-Kap tal-iskola, SLT jew edukatur li qed imexxi l-assemblea jilqa\u2019 lill-istudenti billi jg\u0127id l-g\u0127odwa t-tajba. Jista&#8217; jibda&nbsp; bis-sinjal tas-salib jew minuta fis-skiet.<\/p>\n\n\n\n<h3 class=\"wp-block-heading\">Introduzzjoni<\/h3>\n\n\n\n<p><em>Slide <\/em>2<\/p>\n\n\n\n<p>\u0126afna nies fid-dinja j\u0127ossuhom wa\u0127edhom. G\u0127alhekk hu importanti kemm g\u0127as-so\u010bjeta\u2019 kif ukoll g\u0127all-iskola tag\u0127na li titg\u0127allem ta\u0127dem ma\u2019 o\u0127rajn \u0121o tim u li nibnu komunita\u2019 flimkien.<\/p>\n\n\n\n<h3 class=\"wp-block-heading\">Riflessjoni<\/h3>\n\n\n\n<p><em>Slide <\/em>3<\/p>\n\n\n\n<p>Meta ta\u0127dem f&#8217;tim jew ma\u2019 grupp titg\u0127allem kif g\u0127andek i\u0121\u0121ib ru\u0127ek mal-o\u0127rajn, titg\u0127allem tisma&#8217; lil \u0127addie\u0127or, tikkomunika l-ideat u l-opinjonijiet tieg\u0127ek u tirrispetta l-opinjonijiet u l-opinjonijiet ta&#8217; \u0127addie\u0127or anke meta ma taqbilx mag\u0127hom. <\/p>\n\n\n\n<p><em>Slide <\/em>4<\/p>\n\n\n\n<p>F\u2019tim, kull persuna g\u0127andha rwol importanti. <\/p>\n\n\n\n<p><em>Slide <\/em>5<\/p>\n\n\n\n<p>B\u0127ala membru ta\u2019tim, ma tistax t\u0127alli x-xog\u0127ol iebes g\u0127al \u0127addie\u0127or imma trid titg\u0127allem tkun responsabbli u tag\u0127mel dmirek. Fi grupp nistg\u0127u nitg\u0127allmu ninnegozjaw, in\u010bedu u nil\u0127qu kompromess meta ma naqblux.<\/p>\n\n\n\n<p>Tim isir komunit\u00e0 meta l-membri tieg\u0127u jie\u0127du \u0127sieb xulxin, jappo\u0121\u0121jaw u jg\u0127inu lil xulxin.<\/p>\n\n\n\n<h3 class=\"wp-block-heading\">Vidjo <\/h3>\n\n\n\n<p><em>Slide <\/em>6<\/p>\n\n\n\n<p>Ejjew naraw dan il-filmat dwar is-solidarjet\u00e0:<\/p>\n\n\n\n<figure class=\"wp-block-embed is-type-video is-provider-youtube wp-block-embed-youtube wp-embed-aspect-16-9 wp-has-aspect-ratio\"><div class=\"wp-block-embed__wrapper\">\n<iframe title=\"Solidarity\" width=\"800\" height=\"450\" src=\"https:\/\/www.youtube.com\/embed\/Ou1UjR0ITKE?feature=oembed\" frameborder=\"0\" allow=\"accelerometer; autoplay; clipboard-write; encrypted-media; gyroscope; picture-in-picture\" allowfullscreen><\/iframe>\n<\/div><\/figure>\n\n\n\n<h3 class=\"wp-block-heading\">Talba<\/h3>\n\n\n\n<p><em>Slide <\/em>7<\/p>\n\n\n\n<p>O Alla, g\u0127inna nitg\u0127allmu kif na\u0127dmu tajjeb flimkien \u0127alli nisimg\u0127u b&#8217;rispett lil xulxin, naqsmu t-talenti, il-\u0127iliet u l-ideat tag\u0127na u napprezzaw il-kwalitajiet tajbin ta\u2019 kull persuna. G\u0127inna biex inkunu \u0121entili u na\u010b\u010bettaw il-b\u017connijiet ta&#8217; \u0127addie\u0127or sabiex inkunu nistg\u0127u nag\u0127mlu differenza u n\u0121ibu pa\u010bi ferrie\u0127a lid-dinja. Ammen.<\/p>\n<\/div><\/div>\n<\/div><\/div><\/div>\n\n\n<a class=\"print-page button\" href=\"javascript:window.print();\"><i class=\"far fa-print\"><\/i> Ipprintja l-pa\u0121na<\/a>\n","protected":false},"excerpt":{"rendered":"<p><a class=\"tb-button__link\" href=\"https:\/\/maltadiocese.sharepoint.com\/:p:\/s\/AoMPublic\/EWgp0USo6AZDmPZVMlUyAm4B9HmffB9FvWQ63neuHmvfhw?e=nf1Vnw&amp;download=1\"><i class=\"tb-button__icon\"><\/i>  Pre\u017centazzjoni <\/a>    Mer\u0127ba    <\/p>\n<p>Il-kap tal-iskola, membru tat-tmexxija tal-iskola jew edukatur li jkun qed imexxi l-assembly jag\u0127ti mer\u0127ba lill-istudenti billi flimkien iroddu s-salib u jag\u0127mlu minuta fis-skiet.<\/p>\n<p>    Riflessjoni    <\/p>\n<p>Ninsabu fi \u017cmien l-G\u0127id! L-G\u0127id ifisser \u0120es\u00f9 qam mill-mewt u jinsab mag\u0127na! Ejjew naqsmu dan il-pa\u010bi ta\u2019 \u0120es\u00f9 billi nkantaw.<\/p>\n<p>    Kanzunetta          Attivit\u00e0    <\/p>\n<ol class=\"wp-block-list\" type=\"1\">\n<li>Ag\u0127mel ftit background music tal-g\u0127a\u017cla tieg\u0127ek. <\/li>\n<li>Xi studenti jdoqqu xi strumenti (\u0121ugarelli), u jkantaw u ji\u017cfnu biex tin\u0127oloq atmosfera ta\u2019 fer\u0127 g\u0127al \u0120es\u00f9&#8230;<\/li>\n<\/ol>\n<p> <a href=\"https:\/\/sds.mt\/mt\/paci-ferrieha\/\">Kompli aqra&#160;&raquo;<\/a><\/p>\n","protected":false},"author":5,"featured_media":16121,"comment_status":"closed","ping_status":"closed","sticky":false,"template":"","format":"standard","meta":{"footnotes":""},"categories":[382],"tags":[385,392],"class_list":["post-14279","post","type-post","status-publish","format-standard","has-post-thumbnail","hentry","category-strumenti-ta-paci-22-23","tag-assemblies-2","tag-assemblies-mt"],"toolset-meta":{"custom-fields":{"subtitle":{"type":"textfield","raw":"April 2023"}}},"_links":{"self":[{"href":"https:\/\/sds.mt\/mt\/wp-json\/wp\/v2\/posts\/14279","targetHints":{"allow":["GET"]}}],"collection":[{"href":"https:\/\/sds.mt\/mt\/wp-json\/wp\/v2\/posts"}],"about":[{"href":"https:\/\/sds.mt\/mt\/wp-json\/wp\/v2\/types\/post"}],"author":[{"embeddable":true,"href":"https:\/\/sds.mt\/mt\/wp-json\/wp\/v2\/users\/5"}],"replies":[{"embeddable":true,"href":"https:\/\/sds.mt\/mt\/wp-json\/wp\/v2\/comments?post=14279"}],"version-history":[{"count":25,"href":"https:\/\/sds.mt\/mt\/wp-json\/wp\/v2\/posts\/14279\/revisions"}],"predecessor-version":[{"id":21748,"href":"https:\/\/sds.mt\/mt\/wp-json\/wp\/v2\/posts\/14279\/revisions\/21748"}],"wp:featuredmedia":[{"embeddable":true,"href":"https:\/\/sds.mt\/mt\/wp-json\/wp\/v2\/media\/16121"}],"wp:attachment":[{"href":"https:\/\/sds.mt\/mt\/wp-json\/wp\/v2\/media?parent=14279"}],"wp:term":[{"taxonomy":"category","embeddable":true,"href":"https:\/\/sds.mt\/mt\/wp-json\/wp\/v2\/categories?post=14279"},{"taxonomy":"post_tag","embeddable":true,"href":"https:\/\/sds.mt\/mt\/wp-json\/wp\/v2\/tags?post=14279"}],"curies":[{"name":"wp","href":"https:\/\/api.w.org\/{rel}","templated":true}]}}