{"id":10187,"date":"2020-12-13T17:09:00","date_gmt":"2020-12-13T16:09:00","guid":{"rendered":"https:\/\/sds.mt\/?p=10187"},"modified":"2023-06-30T10:20:08","modified_gmt":"2023-06-30T08:20:08","slug":"mument-ghall-edukaturi-fil-milied-2020","status":"publish","type":"post","link":"https:\/\/sds.mt\/mt\/mument-ghall-edukaturi-fil-milied-2020\/","title":{"rendered":"Mument g\u0127all-edukaturi fil-Milied"},"content":{"rendered":"\n<h5 class=\"wp-block-heading\"><strong>Din g\u0127alik Miss!<\/strong><\/h5>\n\n\n\n<h5 class=\"wp-block-heading\"><strong>Din g\u0127alik Sir!<\/strong><\/h5>\n\n\n\n<p>Tista&#8217; taqra r-riflessjoni t&#8217;hawn ta\u0127t jew tag\u0127fas il- <strong>play&#8217; button <\/strong>biex tismg\u0127ha<\/p>\n\n\n\n<figure class=\"wp-block-audio\"><audio controls src=\"https:\/\/sds.mt\/wp-content\/uploads\/2021\/12\/2020-Christmas-reflection-for-educators.mp3\"><\/audio><\/figure>\n\n\n\n<figure class=\"wp-block-image size-full\"><img fetchpriority=\"high\" decoding=\"async\" width=\"755\" height=\"806\" src=\"https:\/\/sds.mt\/wp-content\/uploads\/2021\/12\/image-25.png\" alt=\"\" class=\"wp-image-10189\" srcset=\"https:\/\/sds.mt\/wp-content\/uploads\/2021\/12\/image-25.png 755w, https:\/\/sds.mt\/wp-content\/uploads\/2021\/12\/image-25-281x300.png 281w, https:\/\/sds.mt\/wp-content\/uploads\/2021\/12\/image-25-20x20.png 20w\" sizes=\"(max-width: 755px) 100vw, 755px\" \/><\/figure>\n\n\n\n<p>Kif naraw fil-Ktieb ta\u2019 Ko\u0127\u00e8let \u201ckollox g\u0127andu \u017cmienu\u201d,&nbsp;<\/p>\n\n\n\n<p>Is-soltu, dan i\u017c-\u017cmien tas-sena jkun ikkaratterizzat minn lista bla tarf ta\u2019 t\u0127ejjija:<\/p>\n\n\n\n<ul class=\"wp-block-list\"><li>n\u017cejjnu,&nbsp;<\/li><li>nippreparaw g\u0127all-festin tal-klassi,&nbsp;<\/li><li>nixtru r-rigali g\u0127at-tfal,&nbsp;<\/li><li>nippjanaw programm spe\u010bjali&#8230;.fil-waqt li norganizzaw l-preparazzjonijiet personali g\u0127al dan il-lejl qaddis.&nbsp;<\/li><\/ul>\n\n\n\n<p>&nbsp;Din is-sena, kif di\u0121a rajna, kienet differenti. Huwa \u017cmien li nie\u0127du pass lura\u2026.biex nosservaw u nirriflettu.&nbsp;<\/p>\n\n\n\n<p>&nbsp;L-g\u0127alliema jinvestu tant \u0127in biex jag\u0127tu l-isba\u0127 esperjenza tal-Milied lill-istudenti, li kultant jinsew li l-Milied \u0121ie g\u0127alihom ukoll!&nbsp;<\/p>\n\n\n\n<p>Il-Milied \u0121ie g\u0127alik ukoll! It-twelid ta\u2019 \u0120esu\u2019 g\u0127alik ukoll.&nbsp;<\/p>\n\n\n\n<p>U billi din is-sena mhux ser nkunu m\u0127abtin bil-festini u avvenimenti, prova \u0127u ftit \u0127in sabiex tg\u0127odos fis-sbu\u0127ija awtenika ta\u2019 dawn il-festi.&nbsp;<\/p>\n\n\n\n<p>&nbsp;Fil-waqt li huwa \u0127asra li ser ni\u010b\u010ba\u0127du milli naqsmu l-ispirtu tal-Milied flimkien, min-na\u0127a l-o\u0127ra jaf jkun \u017cmien li jimbuttana sabiex nin\u017clu fil-fond tas-sens veru ta\u2019 dawn i\u017c-\u017cminijiet u nsibu l-ispirtu tal-Milied f\u2019 qalbna.&nbsp;<\/p>\n\n\n\n<p>&nbsp;Gawdi da\u017c-\u017cmien fis-sempli\u010bita \u2013 affarijiet \u017cg\u0127ar li j\u0121ibu fer\u0127 \u2013 l-istess fer\u0127 li \u0120esu\u2019 \u0121ab mieg\u0127U fit-twelid. \u0126u dan il-fer\u0127 u \u0121orru f\u2019qalbek, u a\u0127seb\u2026kif tista\u2019 ta\u010b\u010betta i\u017cjed pa\u010bi ta\u2019 \u0120esu\u2019 f\u2019 \u0127ajtek?&nbsp;<\/p>\n\n\n\n<p>Isma\u2019 l-kelma u \u0127alliha tid\u0127ol f\u2019 qalbek:&nbsp;<\/p>\n\n\n\n<h4 class=\"has-text-align-center wp-block-heading\"><em>\u201cG\u0127ax Alla hekk \u0127abb lid-dinja li ta lil Ibnu l-wa\u0127dieni, biex kull min jemmen fih ma jintilifx, i\u017cda jkollu l-\u0127ajja ta\u2019 dejjem.\u201d&nbsp;<\/em>(<em>\u0120wanni 3:16<\/em>)<\/h4>\n","protected":false},"excerpt":{"rendered":"<p>Din g\u0127alik Miss!    Din g\u0127alik Sir!    <\/p>\n<p>Tista&#8217; taqra r-riflessjoni t&#8217;hawn ta\u0127t jew tag\u0127fas il- play&#8217; button biex tismg\u0127ha<\/p>\n<p>Kif naraw fil-Ktieb ta\u2019 Ko\u0127\u00e8let \u201ckollox g\u0127andu \u017cmienu\u201d,&nbsp;<\/p>\n<p>Is-soltu, dan i\u017c-\u017cmien tas-sena jkun ikkaratterizzat minn lista bla tarf ta\u2019 t\u0127ejjija:<\/p>\n<ul class=\"wp-block-list\">\n<li>n\u017cejjnu,&nbsp;<\/li>\n<li>nippreparaw g\u0127all-festin tal-klassi,&nbsp;<\/li>\n<li>nixtru r-rigali g\u0127at-tfal,&nbsp;<\/li>\n<li>nippjanaw programm spe\u010bjali&#8230;.fil-waqt li norganizzaw l-preparazzjonijiet personali g\u0127al dan il-lejl qaddis.&nbsp;<\/li>\n<\/ul>\n<p>&nbsp;Din is-sena, kif di\u0121a rajna, kienet differenti&#8230;<\/p>\n<p> <a href=\"https:\/\/sds.mt\/mt\/mument-ghall-edukaturi-fil-milied-2020\/\">Kompli aqra&#160;&raquo;<\/a><\/p>\n","protected":false},"author":2,"featured_media":10184,"comment_status":"closed","ping_status":"closed","sticky":false,"template":"","format":"standard","meta":{"footnotes":""},"categories":[119,367],"tags":[],"class_list":["post-10187","post","type-post","status-publish","format-standard","has-post-thumbnail","hentry","category-blog-mt","category-edukaturi-mt"],"toolset-meta":{"custom-fields":{"subtitle":{"type":"textfield","raw":"Ieqaf u ggosta dal-mument"}}},"_links":{"self":[{"href":"https:\/\/sds.mt\/mt\/wp-json\/wp\/v2\/posts\/10187","targetHints":{"allow":["GET"]}}],"collection":[{"href":"https:\/\/sds.mt\/mt\/wp-json\/wp\/v2\/posts"}],"about":[{"href":"https:\/\/sds.mt\/mt\/wp-json\/wp\/v2\/types\/post"}],"author":[{"embeddable":true,"href":"https:\/\/sds.mt\/mt\/wp-json\/wp\/v2\/users\/2"}],"replies":[{"embeddable":true,"href":"https:\/\/sds.mt\/mt\/wp-json\/wp\/v2\/comments?post=10187"}],"version-history":[{"count":5,"href":"https:\/\/sds.mt\/mt\/wp-json\/wp\/v2\/posts\/10187\/revisions"}],"predecessor-version":[{"id":141678,"href":"https:\/\/sds.mt\/mt\/wp-json\/wp\/v2\/posts\/10187\/revisions\/141678"}],"wp:featuredmedia":[{"embeddable":true,"href":"https:\/\/sds.mt\/mt\/wp-json\/wp\/v2\/media\/10184"}],"wp:attachment":[{"href":"https:\/\/sds.mt\/mt\/wp-json\/wp\/v2\/media?parent=10187"}],"wp:term":[{"taxonomy":"category","embeddable":true,"href":"https:\/\/sds.mt\/mt\/wp-json\/wp\/v2\/categories?post=10187"},{"taxonomy":"post_tag","embeddable":true,"href":"https:\/\/sds.mt\/mt\/wp-json\/wp\/v2\/tags?post=10187"}],"curies":[{"name":"wp","href":"https:\/\/api.w.org\/{rel}","templated":true}]}}